{"id":25760,"date":"2024-06-06T09:31:00","date_gmt":"2024-06-06T14:31:00","guid":{"rendered":"https:\/\/residencessoleil.ca\/?p=25760"},"modified":"2024-07-16T15:56:49","modified_gmt":"2024-07-16T20:56:49","slug":"lobster-dinner-2024-60000-raised-for-youth-and-the-club-optimiste-de-beloeil","status":"publish","type":"post","link":"https:\/\/residencessoleil.ca\/en\/news\/lobster-dinner-2024-60000-raised-for-youth-and-the-club-optimiste-de-beloeil\/","title":{"rendered":"Lobster feast 2024: $60,000 raised for youth and the Club Optimiste de Beloeil!"},"content":{"rendered":"\n<h4 class=\"wp-block-heading\">On Saturday, May 25, the eagerly awaited <strong><font color=\"#0090d7\">Lobster feast to benefit the Club Optimiste de Beloeil<\/font><\/strong> took place, a flagship event for this Mont\u00e9r\u00e9gie organization, and one in which Les R\u00e9sidences Soleil &#8211; Famille Savoie has been involved with every year for over 40 years!<\/h4>\n\n\n<div class=\"wp-block-image\">\n<figure class=\"aligncenter size-large\"><img decoding=\"async\" width=\"1024\" height=\"783\" src=\"https:\/\/residencessoleil.ca\/wp-content\/uploads\/2024\/05\/IMG_0041_retouchee-1024x783.png\" alt=\"Club Optimiste de Beloeil\" class=\"wp-image-25188\" srcset=\"https:\/\/residencessoleil.ca\/wp-content\/uploads\/2024\/05\/IMG_0041_retouchee-1024x783.png 1024w, https:\/\/residencessoleil.ca\/wp-content\/uploads\/2024\/05\/IMG_0041_retouchee-300x229.png 300w, https:\/\/residencessoleil.ca\/wp-content\/uploads\/2024\/05\/IMG_0041_retouchee-768x587.png 768w, https:\/\/residencessoleil.ca\/wp-content\/uploads\/2024\/05\/IMG_0041_retouchee-1536x1174.png 1536w, https:\/\/residencessoleil.ca\/wp-content\/uploads\/2024\/05\/IMG_0041_retouchee.png 1920w\" sizes=\"(max-width: 1024px) 100vw, 1024px\" \/><\/figure><\/div>\n\n\n<p class=\"has-text-align-left has-small-font-size\"><mark style=\"background-color:rgba(0, 0, 0, 0);color:#4b4b4b\" class=\"has-inline-color\"><strong>From left to right<\/strong> : Mr. Sylvain Morin, President, Club Optimiste de Beloeil, Mr. Eddy Savoie, Owner, Founder and Chairman of the Board, Les R\u00e9sidences Soleil &#8211; Famille Savoie, Mrs. Carmelle Savoie, Vice-President, Mrs. Nataly Savoie, Executive President, Mr. Eddy Junior Savoie, Executive President, Real Estate and Construction, Mrs. Nadine-Co\u00efne Savoie, Director, Groupe Savoie, Mr. Ouellet, Founder and Manager, Ouellet Electrique &#8211; a generous donor who has supported the cause for many years.<\/mark><\/p>\n\n\n\n<p class=\"has-large-font-size\">This year&#8217;s event once again took place under the honorary chairmanship of our distinguished founder, <a href=\"https:\/\/residencessoleil.ca\/en\/about-us\/eddy-savoie-owner-and-founder\/\" target=\"_blank\" rel=\"noreferrer noopener\"><strong>M. Eddy Savoie<\/strong><\/a>, an honor he has proudly and generously accepted for over 30 years!<\/p>\n\n\n\n<p class=\"has-text-align-left has-large-font-size\">Although the <a href=\"https:\/\/residencessoleil.ca\/en\/about-us\/leadership\/\" target=\"_blank\" rel=\"noreferrer noopener\"><strong>Savoie family<\/strong><\/a> has been actively involved with seniors for over 36 years, youth and the challenges they encounter are also among the many social causes in which they are actively involved.<\/p>\n\n\n\n<div class=\"wp-block-columns is-layout-flex wp-container-core-columns-is-layout-1 wp-block-columns-is-layout-flex\">\n<div class=\"wp-block-column is-layout-flow wp-block-column-is-layout-flow\">\n<h4 class=\"wp-block-heading has-text-align-center\"><strong><font color=\"#0090d7\"><em>Thanks to the generosity of the 400 guests who gathered at Beloeil&#8217;s Polybel high school, <\/em><\/font><\/strong><br><strong><font color=\"#0090d7\"><em>the evening raised a record amount of $60,000!<\/em><\/font><\/strong><\/h4>\n\n\n\n<hr class=\"wp-block-separator has-text-color has-alpha-channel-opacity has-background is-style-wide\" style=\"background-color:#cacaca;color:#cacaca\"\/>\n\n\n\n<h3 class=\"wp-block-heading\"><strong><font color=\"#0090d7\"><strong><strong><font color=\"#0090d7\">Lobster feast 2024 distinguished guests<\/font><\/strong><\/strong><\/font><\/strong><\/h3>\n\n\n\n<p class=\"has-large-font-size\">The evening&#8217;s distinguished guests included <strong>Mr. Jean Martel, Mayor of Boucherville<\/strong>, and three elected officials from the City of Beloeil: <strong>Ms. Julie Lavoie<\/strong>, Councillor &#8211; District 5 Vieux-Beloeil, <strong>Ms. Louise Allie<\/strong>, Councillor &#8211; District 1 Beloeil-Station, and <strong>Mr. St\u00e9phane Lepage<\/strong>, Councillor &#8211; District 6 Tournesol.<\/p>\n\n\n\n<p class=\"has-large-font-size\"><strong>Nearly 400 guests gathered <\/strong>for an eagerly awaited and memorable evening of gastronomy, camaraderie and, above all, generosity towards the Club Optimiste de Beloeil. This Mont\u00e9r\u00e9gie-based organization <strong>works to help young people in the region blossom, by setting up programs specific to their needs<\/strong>, to bring hope to their eyes and inspire the best for their future.<\/p>\n<\/div>\n<\/div>\n\n\n\n<h3 class=\"wp-block-heading\"><strong><font color=\"#0090d7\">The king of crustaceans, star of the evening<\/font><\/strong><\/h3>\n\n\n\n<div class=\"wp-block-columns is-layout-flex wp-container-core-columns-is-layout-2 wp-block-columns-is-layout-flex\">\n<div class=\"wp-block-column is-layout-flow wp-block-column-is-layout-flow\">\n<div style=\"height:35px\" aria-hidden=\"true\" class=\"wp-block-spacer\"><\/div>\n\n\n\n<figure class=\"wp-block-image size-large\"><img decoding=\"async\" width=\"1024\" height=\"683\" src=\"https:\/\/residencessoleil.ca\/wp-content\/uploads\/2024\/05\/IMG_9862-1024x683.jpg\" alt=\"\" class=\"wp-image-25198\" srcset=\"https:\/\/residencessoleil.ca\/wp-content\/uploads\/2024\/05\/IMG_9862-1024x683.jpg 1024w, https:\/\/residencessoleil.ca\/wp-content\/uploads\/2024\/05\/IMG_9862-300x200.jpg 300w, https:\/\/residencessoleil.ca\/wp-content\/uploads\/2024\/05\/IMG_9862-768x512.jpg 768w, https:\/\/residencessoleil.ca\/wp-content\/uploads\/2024\/05\/IMG_9862-1536x1024.jpg 1536w, https:\/\/residencessoleil.ca\/wp-content\/uploads\/2024\/05\/IMG_9862.jpg 1920w\" sizes=\"(max-width: 1024px) 100vw, 1024px\" \/><\/figure>\n<\/div>\n\n\n\n<div class=\"wp-block-column is-layout-flow wp-block-column-is-layout-flow\">\n<p class=\"has-large-font-size\">As soon as the guests entered the beautifully decorated dining room, a festive, convivial atmosphere could be felt. For at the heart of the evening&#8217;s menu was the king of crustaceans, a culinary staple of every spring feast, now elevated to the rank of gastronomic delights whose reputation is well established.<\/p>\n\n\n\n<p class=\"has-large-font-size\">To everyone&#8217;s delight, thousands of lobsters made a triumphant entrance, like rock stars taking to the stage to the rhythm of the music! The meal was accompanied by a delicious roast beef au jus and a generous salad bar, completing a menu that lived up to expectations!<\/p>\n\n\n\n<p class=\"has-large-font-size\">The chef and the entire team of wonderful volunteers<br>succeeded in sublimating this emblematic evening with spirit and drive, offering guests a most festive and enjoyable culinary experience!<\/p>\n<\/div>\n<\/div>\n\n\n\n<h3 class=\"wp-block-heading\"><strong><font color=\"#0090d7\"><strong>Club Optimiste de Beloeil<\/strong>: the importance of Community support<\/font><\/strong><\/h3>\n\n\n\n<div class=\"wp-block-columns is-layout-flex wp-container-core-columns-is-layout-3 wp-block-columns-is-layout-flex\">\n<div class=\"wp-block-column is-layout-flow wp-block-column-is-layout-flow\">\n<div style=\"height:30px\" aria-hidden=\"true\" class=\"wp-block-spacer\"><\/div>\n\n\n\n<figure class=\"wp-block-image size-large\"><img decoding=\"async\" width=\"683\" height=\"1024\" src=\"https:\/\/residencessoleil.ca\/wp-content\/uploads\/2024\/05\/IMG_9847-683x1024.jpg\" alt=\"Mr. Eddy Savoie, owner, founder and Chairman of the Board, Les R\u00e9sidences Soleil - Famille Savoie\" class=\"wp-image-25194\" srcset=\"https:\/\/residencessoleil.ca\/wp-content\/uploads\/2024\/05\/IMG_9847-683x1024.jpg 683w, https:\/\/residencessoleil.ca\/wp-content\/uploads\/2024\/05\/IMG_9847-200x300.jpg 200w, https:\/\/residencessoleil.ca\/wp-content\/uploads\/2024\/05\/IMG_9847-768x1152.jpg 768w, https:\/\/residencessoleil.ca\/wp-content\/uploads\/2024\/05\/IMG_9847-1024x1536.jpg 1024w, https:\/\/residencessoleil.ca\/wp-content\/uploads\/2024\/05\/IMG_9847.jpg 1280w\" sizes=\"(max-width: 683px) 100vw, 683px\" \/><\/figure>\n\n\n\n<p class=\"has-text-align-center has-small-font-size\"><mark style=\"background-color:rgba(0, 0, 0, 0);color:#4b4b4b\" class=\"has-inline-color\">Mr. Eddy Savoie, owner, founder and Chairman of the Board, <\/mark><br><mark style=\"background-color:rgba(0, 0, 0, 0);color:#4b4b4b\" class=\"has-inline-color\">Les R\u00e9sidences Soleil &#8211; Famille Savoie<\/mark><\/p>\n<\/div>\n\n\n\n<div class=\"wp-block-column is-layout-flow wp-block-column-is-layout-flow\">\n<p class=\"has-large-font-size\">In addition to being a gastronomic event, the <strong>Club Optimiste de Beloeil&#8217;s Souper Festin Homard<\/strong> is also, and above all, an annual opportunity to <strong>get together in support of a noble cause<\/strong>.<\/p>\n\n\n\n<p class=\"has-large-font-size\">The highlight of the evening was an inspiring speech by <strong><a href=\"https:\/\/residencessoleil.ca\/en\/about-us\/eddy-savoie-owner-and-founder\/\" target=\"_blank\" rel=\"noreferrer noopener\">M. Eddy Savoie<\/a>, whose commitment to the community, young and old alike, extends far beyond the boundaries of age<\/strong>. The entire thread of his address to the guests present was a reminder of <strong>the importance of community support and mutual aid<\/strong>, and he expressed his gratitude to all those who contributed, from near and far, to the success of the evening, including the wonderful volunteers!<br><br>Filled with sincerity and passion, his speech was warmly applauded. As one of Quebec&#8217;s pioneers in the field of retirement complexes, Mr. Savoie is well aware that, by fostering mutual aid, the community support that follows <strong>helps create a more inclusive, resilient and relevant environment<\/strong>. It responds to the needs of the most vulnerable while promoting civic engagement, reinforcing a sense of belonging and shared responsibility.<\/p>\n\n\n\n<p class=\"has-large-font-size\">In short, for the <a href=\"https:\/\/residencessoleil.ca\/en\/about-us\/leadership\/\" target=\"_blank\" data-type=\"link\" data-id=\"https:\/\/residencessoleil.ca\/en\/about-us\/leadership\/\" rel=\"noreferrer noopener\"><strong>Savoie Family<\/strong><\/a>, community support is a fundamental pillar for the harmonious and sustainable development of any society. Conscious of having been spoiled by life, she wishes to give back to society by getting actively involved with numerous organizations to provide help and support.&nbsp;&nbsp;<\/p>\n\n\n\n<blockquote class=\"wp-block-quote is-layout-flow wp-block-quote-is-layout-flow\">\n<p class=\"has-text-align-center has-large-font-size\"><em>\u00ab&nbsp;We consider ourselves blessed, and we want to give back, because we believe it&#8217;s possible to make a difference in these people&#8217;s lives.&nbsp;\u00bb&nbsp;<\/em><br><strong><mark style=\"background-color:rgba(0, 0, 0, 0);color:#000000\" class=\"has-inline-color\">&#8211; Mr. Eddy Savoie, Owner, Founder and Chairman of the Board, Les R\u00e9sidences Soleil &#8211; Famille Savoie<\/mark><\/strong><\/p>\n<\/blockquote>\n<\/div>\n<\/div>\n\n\n\n<p class=\"has-large-font-size\">Mr. Savoie also paid tribute to the evening&#8217;s many volunteers, whose dedication, infectious good humor and boundless enthusiasm made the event a resounding success, while adding a special human touch to the event!<\/p>\n\n\n\n<div class=\"wp-block-columns is-layout-flex wp-container-core-columns-is-layout-4 wp-block-columns-is-layout-flex\">\n<div class=\"wp-block-column is-layout-flow wp-block-column-is-layout-flow\">\n<h3 class=\"wp-block-heading\"><strong><font color=\"#0090d7\"><strong>Time to celebrate at the <strong>Club Optimiste de Beloeil<\/strong>!<\/strong><\/font><\/strong><\/h3>\n\n\n\n<p class=\"has-large-font-size\">After the sumptuous dinner and the speeches, it was time to celebrate! The evening continued on a rhythmic note with the opening of the dance floor. Guests of all ages took to the dance floor, entertained by lively music that got even the most reluctant dancers up on their feet. The joy and enthusiasm were palpable, creating unforgettable memories for all present!<\/p>\n<\/div>\n<\/div>\n\n\n\n  <div class=\"block-photo-gallery aligndefault\">\n    <div class=\"photo-gallery__header\">\n            <h2 class=\"photo-gallery__title\"><\/h2>\n          <\/div>\n    <div class=\"photo-gallery__gallery\">\n                      <div class=\"photo-gallery__cell\">\n          <div class=\"photo-gallery__gallery__item\">\n            <div class=\"photo-gallery__gallery__item__thumbnail\" style=\"background-image:url(https:\/\/residencessoleil.ca\/wp-content\/uploads\/2024\/05\/IMG_0008-1.jpg);\"><\/div>\n            <div class=\"photo-gallery__gallery__item__overlay\" aria-hidden=\"true\"><\/div>\n                        <a class=\"photo-gallery__gallery__item__enlarge btn btn-icon-only\" href=\"https:\/\/residencessoleil.ca\/wp-content\/uploads\/2024\/05\/IMG_0008-1.jpg\" data-fancybox=\"gallery-849\" data-caption=\"\">\n              <div class=\"btn-inner\">\n                <span class=\"sr-only\">\n                                    Enlarge image &quot;&quot;                <\/span>\n                <i class=\"icon icon-plus\" aria-hidden=\"true\"><\/i>\n              <\/div>\n            <\/a>\n          <\/div>\n        <\/div>\n                      <div class=\"photo-gallery__cell\">\n          <div class=\"photo-gallery__gallery__item\">\n            <div class=\"photo-gallery__gallery__item__thumbnail\" style=\"background-image:url(https:\/\/residencessoleil.ca\/wp-content\/uploads\/2024\/05\/IMG_4050-1.jpeg);\"><\/div>\n            <div class=\"photo-gallery__gallery__item__overlay\" aria-hidden=\"true\"><\/div>\n                        <a class=\"photo-gallery__gallery__item__enlarge btn btn-icon-only\" href=\"https:\/\/residencessoleil.ca\/wp-content\/uploads\/2024\/05\/IMG_4050-1.jpeg\" data-fancybox=\"gallery-849\" data-caption=\"\">\n              <div class=\"btn-inner\">\n                <span class=\"sr-only\">\n                                    Enlarge image &quot;&quot;                <\/span>\n                <i class=\"icon icon-plus\" aria-hidden=\"true\"><\/i>\n              <\/div>\n            <\/a>\n          <\/div>\n        <\/div>\n                      <div class=\"photo-gallery__cell\">\n          <div class=\"photo-gallery__gallery__item\">\n            <div class=\"photo-gallery__gallery__item__thumbnail\" style=\"background-image:url(https:\/\/residencessoleil.ca\/wp-content\/uploads\/2024\/05\/IMG_9821-1.jpg);\"><\/div>\n            <div class=\"photo-gallery__gallery__item__overlay\" aria-hidden=\"true\"><\/div>\n                        <a class=\"photo-gallery__gallery__item__enlarge btn btn-icon-only\" href=\"https:\/\/residencessoleil.ca\/wp-content\/uploads\/2024\/05\/IMG_9821-1.jpg\" data-fancybox=\"gallery-849\" data-caption=\"\">\n              <div class=\"btn-inner\">\n                <span class=\"sr-only\">\n                                    Enlarge image &quot;&quot;                <\/span>\n                <i class=\"icon icon-plus\" aria-hidden=\"true\"><\/i>\n              <\/div>\n            <\/a>\n          <\/div>\n        <\/div>\n                      <div class=\"photo-gallery__cell\">\n          <div class=\"photo-gallery__gallery__item\">\n            <div class=\"photo-gallery__gallery__item__thumbnail\" style=\"background-image:url(https:\/\/residencessoleil.ca\/wp-content\/uploads\/2024\/05\/IMG_9857.jpg);\"><\/div>\n            <div class=\"photo-gallery__gallery__item__overlay\" aria-hidden=\"true\"><\/div>\n                        <a class=\"photo-gallery__gallery__item__enlarge btn btn-icon-only\" href=\"https:\/\/residencessoleil.ca\/wp-content\/uploads\/2024\/05\/IMG_9857.jpg\" data-fancybox=\"gallery-849\" data-caption=\"\">\n              <div class=\"btn-inner\">\n                <span class=\"sr-only\">\n                                    Enlarge image &quot;&quot;                <\/span>\n                <i class=\"icon icon-plus\" aria-hidden=\"true\"><\/i>\n              <\/div>\n            <\/a>\n          <\/div>\n        <\/div>\n                      <div class=\"photo-gallery__cell\">\n          <div class=\"photo-gallery__gallery__item\">\n            <div class=\"photo-gallery__gallery__item__thumbnail\" style=\"background-image:url(https:\/\/residencessoleil.ca\/wp-content\/uploads\/2024\/05\/IMG_9871.jpg);\"><\/div>\n            <div class=\"photo-gallery__gallery__item__overlay\" aria-hidden=\"true\"><\/div>\n                        <a class=\"photo-gallery__gallery__item__enlarge btn btn-icon-only\" href=\"https:\/\/residencessoleil.ca\/wp-content\/uploads\/2024\/05\/IMG_9871.jpg\" data-fancybox=\"gallery-849\" data-caption=\"\">\n              <div class=\"btn-inner\">\n                <span class=\"sr-only\">\n                                    Enlarge image &quot;&quot;                <\/span>\n                <i class=\"icon icon-plus\" aria-hidden=\"true\"><\/i>\n              <\/div>\n            <\/a>\n          <\/div>\n        <\/div>\n                      <div class=\"photo-gallery__cell\">\n          <div class=\"photo-gallery__gallery__item\">\n            <div class=\"photo-gallery__gallery__item__thumbnail\" style=\"background-image:url(https:\/\/residencessoleil.ca\/wp-content\/uploads\/2024\/05\/IMG_9895.jpg);\"><\/div>\n            <div class=\"photo-gallery__gallery__item__overlay\" aria-hidden=\"true\"><\/div>\n                        <a class=\"photo-gallery__gallery__item__enlarge btn btn-icon-only\" href=\"https:\/\/residencessoleil.ca\/wp-content\/uploads\/2024\/05\/IMG_9895.jpg\" data-fancybox=\"gallery-849\" data-caption=\"\">\n              <div class=\"btn-inner\">\n                <span class=\"sr-only\">\n                                    Enlarge image &quot;&quot;                <\/span>\n                <i class=\"icon icon-plus\" aria-hidden=\"true\"><\/i>\n              <\/div>\n            <\/a>\n          <\/div>\n        <\/div>\n                      <div class=\"photo-gallery__cell\">\n          <div class=\"photo-gallery__gallery__item\">\n            <div class=\"photo-gallery__gallery__item__thumbnail\" style=\"background-image:url(https:\/\/residencessoleil.ca\/wp-content\/uploads\/2024\/05\/IMG_9994.jpg);\"><\/div>\n            <div class=\"photo-gallery__gallery__item__overlay\" aria-hidden=\"true\"><\/div>\n                        <a class=\"photo-gallery__gallery__item__enlarge btn btn-icon-only\" href=\"https:\/\/residencessoleil.ca\/wp-content\/uploads\/2024\/05\/IMG_9994.jpg\" data-fancybox=\"gallery-849\" data-caption=\"\">\n              <div class=\"btn-inner\">\n                <span class=\"sr-only\">\n                                    Enlarge image &quot;&quot;                <\/span>\n                <i class=\"icon icon-plus\" aria-hidden=\"true\"><\/i>\n              <\/div>\n            <\/a>\n          <\/div>\n        <\/div>\n          <\/div>\n  <\/div>\n\n\n\n<h3 class=\"wp-block-heading\"><strong><font color=\"#0090d7\"><strong>Working together for over 40 years<\/strong><\/font><\/strong><\/h3>\n\n\n\n<div class=\"wp-block-columns is-layout-flex wp-container-core-columns-is-layout-5 wp-block-columns-is-layout-flex\">\n<div class=\"wp-block-column is-layout-flow wp-block-column-is-layout-flow\">\n<div style=\"height:30px\" aria-hidden=\"true\" class=\"wp-block-spacer\"><\/div>\n\n\n\n<figure class=\"wp-block-image size-large\"><img decoding=\"async\" width=\"1024\" height=\"683\" src=\"https:\/\/residencessoleil.ca\/wp-content\/uploads\/2024\/06\/DSC_9022-1024x683.jpg\" alt=\"Volunteers | Club Optimiste de Beloeil\" class=\"wp-image-25224\" srcset=\"https:\/\/residencessoleil.ca\/wp-content\/uploads\/2024\/06\/DSC_9022-1024x683.jpg 1024w, https:\/\/residencessoleil.ca\/wp-content\/uploads\/2024\/06\/DSC_9022-300x200.jpg 300w, https:\/\/residencessoleil.ca\/wp-content\/uploads\/2024\/06\/DSC_9022-768x512.jpg 768w, https:\/\/residencessoleil.ca\/wp-content\/uploads\/2024\/06\/DSC_9022-1536x1024.jpg 1536w, https:\/\/residencessoleil.ca\/wp-content\/uploads\/2024\/06\/DSC_9022.jpg 1920w\" sizes=\"(max-width: 1024px) 100vw, 1024px\" \/><\/figure>\n\n\n\n<p class=\"has-small-font-size\"><mark style=\"background-color:rgba(0, 0, 0, 0);color:#4b4b4b\" class=\"has-inline-color\"><mark style=\"background-color:rgba(0, 0, 0, 0);color:#3b3b3b\" class=\"has-inline-color\">Volunteers | Club Optimiste de Beloeil<\/mark><\/mark><\/p>\n<\/div>\n\n\n\n<div class=\"wp-block-column is-layout-flow wp-block-column-is-layout-flow\">\n<div style=\"height:40px\" aria-hidden=\"true\" class=\"wp-block-spacer\"><\/div>\n\n\n\n<p class=\"has-large-font-size\">The Lobster feast is just one of the many examples of the <a href=\"https:\/\/residencessoleil.ca\/en\/about-us\/leadership\/\" target=\"_blank\" rel=\"noreferrer noopener\"><strong>Savoie family<\/strong><\/a>&#8216;s commitment to the Club Optimiste de Beloeil. For more than 40 years, and throughout the year, their unwavering support for this organisation has manifested itself in a variety of ways, including the sale of fruit cakes during the holiday season. These initiatives raise essential funds to finance the activities of the Optimist Club, which can thus continue to offer enriching opportunities to young people in the community.<\/p>\n\n\n\n<p class=\"has-text-align-center has-large-font-size\"><strong><em>All in all, the Beloeil Optimist Club&#8217;s Lobster feast 2024 was an exceptional evening, rich in flavour, full of emotion <\/em><\/strong><br><strong><em>and tremendous in generosity!<\/em><\/strong><\/p>\n\n\n\n<p class=\"has-text-align-center\"><strong><font color=\"#0090d7\"><em>Discover many of the <a href=\"https:\/\/residencessoleil.ca\/en\/about-us\/implications-sociales\/\" target=\"_blank\" rel=\"noreferrer noopener\">Savoie Family&#8217;s implications<\/a> over the years<\/em><\/font><\/strong>.<\/p>\n<\/div>\n<\/div>\n","protected":false},"excerpt":{"rendered":"<p>On Saturday, May 25, the eagerly awaited Lobster feast to benefit the Club Optimiste de Beloeil took place, a flagship event for this Mont\u00e9r\u00e9gie organization, and one in which Les R\u00e9sidences Soleil &#8211; Famille Savoie has been involved with every year for over 40 years! From left to right : Mr. Sylvain Morin, President, Club &hellip;<\/p>\n","protected":false},"author":14,"featured_media":25188,"comment_status":"closed","ping_status":"open","sticky":false,"template":"","format":"standard","meta":{"_acf_changed":false,"om_disable_all_campaigns":false,"_relevanssi_hide_post":"","_relevanssi_hide_content":"","_relevanssi_pin_for_all":"","_relevanssi_pin_keywords":"","_relevanssi_unpin_keywords":"","_relevanssi_related_keywords":"","_relevanssi_related_include_ids":"","_relevanssi_related_exclude_ids":"","_relevanssi_related_no_append":"","_relevanssi_related_not_related":"","_relevanssi_related_posts":"1539,1529,1562,1613,1630,1602","_relevanssi_noindex_reason":"","footnotes":""},"categories":[46,32,44,45],"tags":[],"global_category":[],"class_list":["post-25760","post","type-post","status-publish","format-standard","has-post-thumbnail","hentry","category-news","category-implication-sociale","category-nouveaute","category-social-implications"],"acf":[],"_links":{"self":[{"href":"https:\/\/residencessoleil.ca\/en\/wp-json\/wp\/v2\/posts\/25760","targetHints":{"allow":["GET"]}}],"collection":[{"href":"https:\/\/residencessoleil.ca\/en\/wp-json\/wp\/v2\/posts"}],"about":[{"href":"https:\/\/residencessoleil.ca\/en\/wp-json\/wp\/v2\/types\/post"}],"author":[{"embeddable":true,"href":"https:\/\/residencessoleil.ca\/en\/wp-json\/wp\/v2\/users\/14"}],"replies":[{"embeddable":true,"href":"https:\/\/residencessoleil.ca\/en\/wp-json\/wp\/v2\/comments?post=25760"}],"version-history":[{"count":9,"href":"https:\/\/residencessoleil.ca\/en\/wp-json\/wp\/v2\/posts\/25760\/revisions"}],"predecessor-version":[{"id":34499,"href":"https:\/\/residencessoleil.ca\/en\/wp-json\/wp\/v2\/posts\/25760\/revisions\/34499"}],"wp:featuredmedia":[{"embeddable":true,"href":"https:\/\/residencessoleil.ca\/en\/wp-json\/wp\/v2\/media\/25188"}],"wp:attachment":[{"href":"https:\/\/residencessoleil.ca\/en\/wp-json\/wp\/v2\/media?parent=25760"}],"wp:term":[{"taxonomy":"category","embeddable":true,"href":"https:\/\/residencessoleil.ca\/en\/wp-json\/wp\/v2\/categories?post=25760"},{"taxonomy":"post_tag","embeddable":true,"href":"https:\/\/residencessoleil.ca\/en\/wp-json\/wp\/v2\/tags?post=25760"},{"taxonomy":"global_category","embeddable":true,"href":"https:\/\/residencessoleil.ca\/en\/wp-json\/wp\/v2\/global_category?post=25760"}],"curies":[{"name":"wp","href":"https:\/\/api.w.org\/{rel}","templated":true}]}}