{"id":28996,"date":"2024-10-10T16:04:00","date_gmt":"2024-10-10T21:04:00","guid":{"rendered":"https:\/\/residencessoleil.ca\/?p=28996"},"modified":"2024-12-20T16:06:23","modified_gmt":"2024-12-20T21:06:23","slug":"17-years-of-highlighting-the-lives-of-laval-seniors-in-residence-as-a-long-standing-tradition","status":"publish","type":"post","link":"https:\/\/residencessoleil.ca\/en\/news\/17-years-of-highlighting-the-lives-of-laval-seniors-in-residence-as-a-long-standing-tradition\/","title":{"rendered":"17 years of highlighting the lives of Laval seniors in residence as a long-standing tradition"},"content":{"rendered":"\n<div class=\"wp-block-columns is-layout-flex wp-container-core-columns-is-layout-1 wp-block-columns-is-layout-flex\">\n<div class=\"wp-block-column is-layout-flow wp-block-column-is-layout-flow\">\n<h4 class=\"wp-block-heading\"><strong style=\"background-color: #fcdc12;\">\u00ab In the media \u00bb<\/strong> By&nbsp;<a href=\"https:\/\/courrierlaval.com\/author\/braphael\/\" target=\"_blank\" rel=\"noreferrer noopener\">Belizaire Raphael<\/a> &#8211; October 3<sup>rd<\/sup>, 2024 in <a href=\"https:\/\/courrierlaval.com\/souligner-aines-lavallois-residence-tradition\/\" target=\"_blank\" rel=\"noreferrer noopener\">Courrier Laval<\/a><br><br><strong>The Savoie Family is proud to share with you this article from Le Courrier Laval, which appeared at the beginning of October, when Les R\u00e9sidences Soleil Manoir Laval celebrated its residents&#8217; birthday of the month.&nbsp;&nbsp;&nbsp;<\/strong><\/h4>\n\n\n<div class=\"wp-block-image\">\n<figure class=\"aligncenter size-full\"><img decoding=\"async\" width=\"1024\" height=\"576\" src=\"https:\/\/residencessoleil.ca\/wp-content\/uploads\/2024\/10\/Les-Residences-Soleil-Courrier-Laval-.jpeg\" alt=\"Les R\u00e9sidences Soleil Manoir Laval\" class=\"wp-image-28163\" srcset=\"https:\/\/residencessoleil.ca\/wp-content\/uploads\/2024\/10\/Les-Residences-Soleil-Courrier-Laval-.jpeg 1024w, https:\/\/residencessoleil.ca\/wp-content\/uploads\/2024\/10\/Les-Residences-Soleil-Courrier-Laval--300x169.jpeg 300w, https:\/\/residencessoleil.ca\/wp-content\/uploads\/2024\/10\/Les-Residences-Soleil-Courrier-Laval--768x432.jpeg 768w\" sizes=\"(max-width: 1024px) 100vw, 1024px\" \/><figcaption class=\"wp-element-caption\"><strong><mark style=\"background-color:rgba(0, 0, 0, 0);color:#424242\" class=\"has-inline-color\">The couple Ginette Th\u00e9or\u00eat and Richard Duchesne recently celebrated their anniversary in good company, a well-established tradition among seniors at Les R\u00e9sidences Soleil Manoir Laval. (Photo 2M. Media &#8211; B\u00e9lizaire Rapha\u00ebl)<\/mark><\/strong><\/figcaption><\/figure><\/div>\n\n\n<p class=\"has-large-font-size\"><strong>Every first day of the month, Les R\u00e9sidences Soleil Manoir Laval honor its residents by celebrating their birthdays and wedding anniversaries of the month, perpetuating a 17-year-old long-standing tradition.&nbsp;<\/strong><\/p>\n\n\n\n<p class=\"has-large-font-size\">Mariette Tremblay, president of the residents&#8217; committee at the residence on Chomedey&#8217;s Boulevard de l&#8217;Avenir, proudly expresses the importance of this monthly event.&nbsp;<\/p>\n\n\n\n<p class=\"has-large-font-size\">\u00ab It&#8217;s a special moment for all the residents,\u201dsays Mrs. Tremblay. We celebrate birthdays and anniversaries, and this tradition has been going on for 17 years now. It helps create a strong bond between residents and maintains a festive atmosphere within our community.\u202f\u00bb&nbsp;<\/p>\n\n\n\n<p class=\"has-large-font-size\">Mariette Tremblay also pointed out that the team of nine members of the Organizing Committee makes every effort to ensure that each event is a memorable one.<\/p>\n\n\n\n<p class=\"has-large-font-size\">\u00abThe tables are beautifully decorated, and each birthday party attendee can invite their loved ones. We invite a musician to play the accordion, and we organize a drawing to make even more people happy. It&#8217;s a day of joy shared by all.\u202f\u00bb&nbsp;<\/p>\n\n\n\n<h3 class=\"wp-block-heading\"><strong><strong>Significant celebrations<\/strong><\/strong><\/h3>\n\n\n\n<p class=\"has-large-font-size\">For Ginette Th\u00e9or\u00eat and her husband Richard Duchesne, who were celebrating their respective birthdays that day, the event had a particular significance.&nbsp;<br><\/p>\n\n\n\n<blockquote class=\"wp-block-quote has-text-align-left is-style-large has-large-font-size is-layout-flow wp-block-quote-is-layout-flow\">\n<p class=\"has-large-font-size\"><strong>\u00ab<em>At a certain age, you find a new family in residence, and it&#8217;s with this new family that we&#8217;re celebrating our birthdays today. Even with my disability, I&#8217;m happy and grateful to be here.<\/em> \u00bb<\/strong><\/p>\n<cite><strong><mark style=\"background-color:rgba(0, 0, 0, 0)\" class=\"has-inline-color has-primary-color\"><strong>\u2014 shares Ginette Th\u00e9oret, looking radiant.<\/strong><\/mark><\/strong><\/cite><\/blockquote>\n\n\n\n<div style=\"height:20px\" aria-hidden=\"true\" class=\"wp-block-spacer\"><\/div>\n\n\n\n<p class=\"has-large-font-size\">Richard Duchesne, on his part, expresses his gratitude for the warm welcome they have received since their arrival at the residence.<\/p>\n\n\n\n<blockquote class=\"wp-block-quote has-text-align-left is-style-large has-large-font-size is-layout-flow wp-block-quote-is-layout-flow\">\n<p class=\"has-large-font-size\"><strong>\u00ab\u202f<em>I feel surrounded by kindness and attentiveness,\u201d he points out. We&#8217;re living happily here for the next chapter of our lives.<\/em>\u00bb<\/strong><\/p>\n<\/blockquote>\n\n\n<div class=\"wp-block-image\">\n<figure class=\"aligncenter size-large\"><img decoding=\"async\" width=\"1024\" height=\"576\" src=\"https:\/\/residencessoleil.ca\/wp-content\/uploads\/2024\/10\/Les-Residences-Soleil-Manoir-Laval-1024x576.jpeg\" alt=\"Les R\u00e9sidences Soleil Manoir Laval\" class=\"wp-image-28168\" srcset=\"https:\/\/residencessoleil.ca\/wp-content\/uploads\/2024\/10\/Les-Residences-Soleil-Manoir-Laval-1024x576.jpeg 1024w, https:\/\/residencessoleil.ca\/wp-content\/uploads\/2024\/10\/Les-Residences-Soleil-Manoir-Laval-300x169.jpeg 300w, https:\/\/residencessoleil.ca\/wp-content\/uploads\/2024\/10\/Les-Residences-Soleil-Manoir-Laval-768x432.jpeg 768w, https:\/\/residencessoleil.ca\/wp-content\/uploads\/2024\/10\/Les-Residences-Soleil-Manoir-Laval-1536x864.jpeg 1536w, https:\/\/residencessoleil.ca\/wp-content\/uploads\/2024\/10\/Les-Residences-Soleil-Manoir-Laval.jpeg 1599w\" sizes=\"(max-width: 1024px) 100vw, 1024px\" \/><figcaption class=\"wp-element-caption\"><strong><mark style=\"background-color:rgba(0, 0, 0, 0);color:#424242\" class=\"has-inline-color\">Members of Les R\u00e9sidences Soleil Manoir Laval Residents&#8217; Committee, Michel Dufour, Mariette Tremblay, President of the Committee, Gaston Laviolette, Alexandre Warnet, Laval-des-Rapides City Councillor, Pierre Ledoux, Suzanne Fontaine, Denise Rousseau and Claude Desjardins, were also on hand (Photo 2M. Media &#8211; B\u00e9lizaire Rapha\u00ebl).&nbsp;&nbsp;<\/mark><\/strong><\/figcaption><\/figure><\/div>\n\n\n<h3 class=\"wp-block-heading\"><strong><strong>Recognizing seniors<\/strong>&nbsp;<\/strong><\/h3>\n\n\n\n<p class=\"has-large-font-size\">Laval-des-Rapides councillor Alexandre Warnet, who attended the celebration, stressed the importance of this event for the Laval community.&nbsp;&nbsp;<\/p>\n\n\n\n<blockquote class=\"wp-block-quote has-text-align-left is-style-large has-large-font-size is-layout-flow wp-block-quote-is-layout-flow\">\n<p class=\"has-large-font-size\"><strong>\u00ab<em>There&#8217;s something beautiful about celebrating our elders, those who helped build the city we know today. I&#8217;m honoured to be here and share these moments with them.<\/em>\u00bb&nbsp;<\/strong><\/p>\n<\/blockquote>\n\n\n\n<h3 class=\"wp-block-heading\"><strong>Other testimonies<\/strong><\/h3>\n\n\n\n<p class=\"has-large-font-size\">To conclude the festivities, Mariette Tremblay shared a personal anecdote, reminding us how important these moments are for each resident.&nbsp;<\/p>\n\n\n\n<blockquote class=\"wp-block-quote has-text-align-left is-style-large has-large-font-size is-layout-flow wp-block-quote-is-layout-flow\">\n<p class=\"has-large-font-size\"><strong>\u00ab<em>I celebrated my 80th birthday here last September, surrounded by fifty friends,  she says. It was one of the happiest days of my life. Living in a residence means staying young and active among caring people.<\/em>\u00bb<\/strong><\/p>\n<\/blockquote>\n<\/div>\n<\/div>\n\n\n\n<div class=\"wp-block-columns is-layout-flex wp-container-core-columns-is-layout-2 wp-block-columns-is-layout-flex\">\n<div class=\"wp-block-column is-layout-flow wp-block-column-is-layout-flow\">\n<hr class=\"wp-block-separator has-text-color has-alpha-channel-opacity has-background is-style-wide\" style=\"background-color:#cacaca;color:#cacaca\"\/>\n\n\n\n<h3 class=\"wp-block-heading\"><strong><font color=\"#0090d7\">And not just at the Laval Manor! This tradition can be found at all<\/font> <font color=\"#0090d7\">Les R\u00e9sidences Soleil<\/font><\/strong><\/h3>\n\n\n\n<p class=\"has-large-font-size\">Every month, our birthday residents are celebrated in every Les R\u00e9sidences Soleil in the province! In addition to a special meal, we carefully plan entertaining activities, themed evenings and festive meals that add a touch of magic to everyday life. Another great opportunity to get together and invite family members to celebrate with them in a festive atmosphere filled with laughter, fun and delicacies prepared on site by our dedicated kitchen staff.<\/p>\n\n\n\n<div style=\"height:30px\" aria-hidden=\"true\" class=\"wp-block-spacer\"><\/div>\n<\/div>\n<\/div>\n\n\n\n<div class=\"wp-block-columns is-layout-flex wp-container-core-columns-is-layout-3 wp-block-columns-is-layout-flex\">\n<div class=\"wp-block-column is-layout-flow wp-block-column-is-layout-flow\" style=\"flex-basis:66.66%\">\n<h3 class=\"wp-block-heading\"><strong>Join your loved ones at our monthly family celebrations hosted in every R\u00e9sidences Soleil in Qu\u00e9bec!\u00a0<\/strong><\/h3>\n<\/div>\n\n\n\n<div class=\"wp-block-column is-layout-flow wp-block-column-is-layout-flow\" style=\"flex-basis:33.33%\">\n<div style=\"height:10px\" aria-hidden=\"true\" class=\"wp-block-spacer\"><\/div>\n\n\n\n<div style=\"display: flex; justify-content: center;\">\n  <div class=\"wp-block-button has-custom-width wp-block-button__width-75 has-custom-font-size is-style-fill has-small-font-size\">\n    <a class=\"wp-block-button__link\" href=\"https:\/\/residencessoleil.ca\/en\/book-your-visit\/\" target=\"_blank\" style=\"background-color:#FCDC12; color:#000000; border-radius:0px; padding:21px; text-decoration: none; display: inline-block;\" onmouseover=\"this.style.color=&#039;#ffffff&#039;;\" onmouseout=\"this.style.color=&#039;#000000&#039;;\" rel=\"noopener\">\n      Book your visit \n    <\/a>\n  <\/div>\n<\/div>\n<\/div>\n<\/div>\n\n\n\n<div style=\"height:50px\" aria-hidden=\"true\" class=\"wp-block-spacer\"><\/div>\n","protected":false},"excerpt":{"rendered":"<p>\u00ab Dans les m\u00e9dias \u00bb Par\u00a0Belizaire Raphael &#8211; 3 octobre 2024 dans le Courrier Laval. La Famille Savoie est fi\u00e8re de vous partager cet article du Courrier Laval paru au d\u00e9but du mois d\u2019octobre, alors que Les R\u00e9sidences Soleil Manoir Laval c\u00e9l\u00e9braient les r\u00e9sidents dont c\u2019\u00e9tait la f\u00eate du mois.<\/p>\n","protected":false},"author":17,"featured_media":28882,"comment_status":"closed","ping_status":"open","sticky":false,"template":"","format":"standard","meta":{"_acf_changed":false,"om_disable_all_campaigns":false,"_relevanssi_hide_post":"","_relevanssi_hide_content":"","_relevanssi_pin_for_all":"","_relevanssi_pin_keywords":"","_relevanssi_unpin_keywords":"","_relevanssi_related_keywords":"","_relevanssi_related_include_ids":"","_relevanssi_related_exclude_ids":"","_relevanssi_related_no_append":"","_relevanssi_related_not_related":"","_relevanssi_related_posts":"1530,1548,1723,1541,1520,25918","_relevanssi_noindex_reason":"","footnotes":""},"categories":[46,44],"tags":[],"global_category":[],"class_list":["post-28996","post","type-post","status-publish","format-standard","has-post-thumbnail","hentry","category-news","category-nouveaute"],"acf":[],"_links":{"self":[{"href":"https:\/\/residencessoleil.ca\/en\/wp-json\/wp\/v2\/posts\/28996","targetHints":{"allow":["GET"]}}],"collection":[{"href":"https:\/\/residencessoleil.ca\/en\/wp-json\/wp\/v2\/posts"}],"about":[{"href":"https:\/\/residencessoleil.ca\/en\/wp-json\/wp\/v2\/types\/post"}],"author":[{"embeddable":true,"href":"https:\/\/residencessoleil.ca\/en\/wp-json\/wp\/v2\/users\/17"}],"replies":[{"embeddable":true,"href":"https:\/\/residencessoleil.ca\/en\/wp-json\/wp\/v2\/comments?post=28996"}],"version-history":[{"count":7,"href":"https:\/\/residencessoleil.ca\/en\/wp-json\/wp\/v2\/posts\/28996\/revisions"}],"predecessor-version":[{"id":29003,"href":"https:\/\/residencessoleil.ca\/en\/wp-json\/wp\/v2\/posts\/28996\/revisions\/29003"}],"wp:featuredmedia":[{"embeddable":true,"href":"https:\/\/residencessoleil.ca\/en\/wp-json\/wp\/v2\/media\/28882"}],"wp:attachment":[{"href":"https:\/\/residencessoleil.ca\/en\/wp-json\/wp\/v2\/media?parent=28996"}],"wp:term":[{"taxonomy":"category","embeddable":true,"href":"https:\/\/residencessoleil.ca\/en\/wp-json\/wp\/v2\/categories?post=28996"},{"taxonomy":"post_tag","embeddable":true,"href":"https:\/\/residencessoleil.ca\/en\/wp-json\/wp\/v2\/tags?post=28996"},{"taxonomy":"global_category","embeddable":true,"href":"https:\/\/residencessoleil.ca\/en\/wp-json\/wp\/v2\/global_category?post=28996"}],"curies":[{"name":"wp","href":"https:\/\/api.w.org\/{rel}","templated":true}]}}