{"id":32572,"date":"2025-07-09T15:50:26","date_gmt":"2025-07-09T20:50:26","guid":{"rendered":"https:\/\/residencessoleil.ca\/?p=32572"},"modified":"2025-07-09T15:50:55","modified_gmt":"2025-07-09T20:50:55","slug":"julie-tour-2025-a-39th-edition-reflecting-the-spirit-of-les-residences-soleil","status":"publish","type":"post","link":"https:\/\/residencessoleil.ca\/en\/news\/julie-tour-2025-a-39th-edition-reflecting-the-spirit-of-les-residences-soleil\/","title":{"rendered":"Julie-Tour 2025: A 39th edition reflecting the spirit of Les R\u00e9sidences Soleil!"},"content":{"rendered":"\n<h4 class=\"wp-block-heading\"><strong>On June 24, under a radiant sun, the traditional Julie-Tour kicked off \u2014 a 10 km family bike ride through the beautiful city of Sainte-Julie, marking its 39th edition. This beloved family event launched the National Holiday celebrations, which continued throughout the afternoon with children&#8217;s activities, and into the evening with a big family party, live performances, and fireworks!<\/strong><\/h4>\n\n\n\n<h3 class=\"wp-block-heading\"><strong><font color=\"#0090d7\">A festive and unifying kickoff, true to the spirit of R\u00e9sidences Soleil<\/font><\/strong><\/h3>\n\n\n\n<div class=\"wp-block-columns is-layout-flex wp-container-core-columns-is-layout-1 wp-block-columns-is-layout-flex\">\n<div class=\"wp-block-column is-layout-flow wp-block-column-is-layout-flow\" style=\"flex-basis:33.33%\">\n<figure class=\"wp-block-image size-large\"><img decoding=\"async\" width=\"683\" height=\"1024\" src=\"https:\/\/residencessoleil.ca\/wp-content\/uploads\/2025\/07\/511581794_1036206098692243_2989543542015308916_n-683x1024.jpg\" alt=\"Discours des R\u00e9sidences Soleil lors du Julie-Tour 2025\" class=\"wp-image-32443\" srcset=\"https:\/\/residencessoleil.ca\/wp-content\/uploads\/2025\/07\/511581794_1036206098692243_2989543542015308916_n-683x1024.jpg 683w, https:\/\/residencessoleil.ca\/wp-content\/uploads\/2025\/07\/511581794_1036206098692243_2989543542015308916_n-200x300.jpg 200w, https:\/\/residencessoleil.ca\/wp-content\/uploads\/2025\/07\/511581794_1036206098692243_2989543542015308916_n-768x1152.jpg 768w, https:\/\/residencessoleil.ca\/wp-content\/uploads\/2025\/07\/511581794_1036206098692243_2989543542015308916_n-1024x1536.jpg 1024w, https:\/\/residencessoleil.ca\/wp-content\/uploads\/2025\/07\/511581794_1036206098692243_2989543542015308916_n.jpg 1280w\" sizes=\"(max-width: 683px) 100vw, 683px\" \/><figcaption class=\"wp-element-caption\">Photo credit: Ville de Sainte-Julie<\/figcaption><\/figure>\n<\/div>\n\n\n\n<div class=\"wp-block-column is-layout-flow wp-block-column-is-layout-flow\" style=\"flex-basis:66.66%\">\n<div style=\"height:5px\" aria-hidden=\"true\" class=\"wp-block-spacer\"><\/div>\n\n\n\n<p class=\"has-large-font-size\">Starting at 9 a.m. under a brilliantly sunny sky, <strong><font color=\"#0090d7\">over 200 participants gathered<\/font><\/strong> at the sledding hill to hop on their bikes in a cheerful and energetic atmosphere. The 10 km route, enhanced with entertainment stations, delighted both young and old alike.<\/p>\n\n\n\n<p class=\"has-large-font-size\"><strong><font color=\"#0090d7\">As the official presenter for the 16th consecutive year, <\/font><\/strong>Les R\u00e9sidences Soleil \u2013 Famille Savoie have proudly supported the event since the opening of its<a href=\"https:\/\/residencessoleil.ca\/en\/our-residences\/manoir-sainte-julie\/\" target=\"_blank\" rel=\"noreferrer noopener\"> Manoir Sainte-Julie<\/a>, in 2009.&nbsp;<\/p>\n\n\n\n<div style=\"height:30px\" aria-hidden=\"true\" class=\"wp-block-spacer\"><\/div>\n\n\n\n<blockquote class=\"wp-block-quote is-style-large has-large-font-size is-layout-flow wp-block-quote-is-layout-flow\">\n<p class=\"has-large-font-size\">&#8220;Les R\u00e9sidences Soleil have been proud partners of the event since the inauguration of Les R\u00e9sidence Soleil Manoir Sainte-Julie 15 years ago. I would like to thank all the participants and the organizing team for this wonderful program.<\/p>\n\n\n\n<p class=\"has-large-font-size\">It is our great pleasure to raffle off a beautiful gift basket among all participants. Thank you to the City of Sainte-Julie for the warm welcome. On behalf of the Savoie Family and Les R\u00e9sidences Soleil, I wish you an excellent day.&#8221;<\/p>\n<cite><strong><mark style=\"background-color:rgba(0, 0, 0, 0)\" class=\"has-inline-color has-primary-color\"><strong>\u2014 <\/strong><\/mark><strong>Mrs Martine Lavoie, Principal Director, Les R\u00e9sidences Soleil Manoir Sainte-Julie, at the prize-giving ceremony.<\/strong><\/strong><\/cite><\/blockquote>\n<\/div>\n<\/div>\n\n\n\n<h3 class=\"wp-block-heading\"><strong><font color=\"#0090d7\">An inclusive, family-friendly\u2026 and eco-responsible party!<\/font><\/strong><\/h3>\n\n\n\n<div class=\"wp-block-columns is-layout-flex wp-container-core-columns-is-layout-2 wp-block-columns-is-layout-flex\">\n<div class=\"wp-block-column is-layout-flow wp-block-column-is-layout-flow\" style=\"flex-basis:33.33%\">\n<div style=\"height:2px\" aria-hidden=\"true\" class=\"wp-block-spacer\"><\/div>\n\n\n\n<figure class=\"wp-block-image size-large\"><img decoding=\"async\" width=\"1280\" height=\"1281\" src=\"https:\/\/residencessoleil.ca\/wp-content\/uploads\/2025\/07\/512259723_1036206828692170_7929605508393468382_n-edited-1.jpg\" alt=\"Surprises et cadeaux des R\u00e9sidences Soleil au Julie-Tour\" class=\"wp-image-32505\" srcset=\"https:\/\/residencessoleil.ca\/wp-content\/uploads\/2025\/07\/512259723_1036206828692170_7929605508393468382_n-edited-1.jpg 1280w, https:\/\/residencessoleil.ca\/wp-content\/uploads\/2025\/07\/512259723_1036206828692170_7929605508393468382_n-edited-1-300x300.jpg 300w, https:\/\/residencessoleil.ca\/wp-content\/uploads\/2025\/07\/512259723_1036206828692170_7929605508393468382_n-edited-1-1024x1024.jpg 1024w, https:\/\/residencessoleil.ca\/wp-content\/uploads\/2025\/07\/512259723_1036206828692170_7929605508393468382_n-edited-1-150x150.jpg 150w, https:\/\/residencessoleil.ca\/wp-content\/uploads\/2025\/07\/512259723_1036206828692170_7929605508393468382_n-edited-1-768x769.jpg 768w, https:\/\/residencessoleil.ca\/wp-content\/uploads\/2025\/07\/512259723_1036206828692170_7929605508393468382_n-edited-1-400x400.jpg 400w\" sizes=\"(max-width: 1280px) 100vw, 1280px\" \/><figcaption class=\"wp-element-caption\">Photo credit: Ville de Sainte-Julie<\/figcaption><\/figure>\n<\/div>\n\n\n\n<div class=\"wp-block-column is-layout-flow wp-block-column-is-layout-flow\" style=\"flex-basis:66.66%\">\n<p class=\"has-large-font-size\"><strong><font color=\"#0090d7\">Beyond the physical activity, this day was an opportunity to bring together all generations<\/font><\/strong> in a spirit of lightness and inclusion. Seniors, young families, children\u2026 all pedaled, played or applauded in a vibrant and caring atmosphere.<\/p>\n\n\n\n<p class=\"has-large-font-size\">As a token of appreciation, <strong><font color=\"#0090d7\">Les R\u00e9sidences Soleil presented all participants with a teddy bear<\/font><\/strong> bearing their effigy. Quickly adopted, these little companions were attached to handlebars, placed in baskets or snuggled in the arms of young and old alike.<\/p>\n\n\n\n<p class=\"has-large-font-size\">A gift basket, courtesy of Les R\u00e9sidences Soleil, was also drawn from among the participants. The young winner left beaming, with a smile on his face and precious memories of this family Julie-Tour.<\/p>\n\n\n\n<p class=\"has-large-font-size\">A gentle and fun way to create links, awaken smiles and embody the Savoie Family&#8217;s values of inclusion and generosity.<\/p>\n<\/div>\n<\/div>\n\n\n\n  <div class=\"block-photo-gallery aligndefault\">\n    <div class=\"photo-gallery__header\">\n            <h2 class=\"photo-gallery__title\"><\/h2>\n          <\/div>\n    <div class=\"photo-gallery__gallery\">\n                      <div class=\"photo-gallery__cell\">\n          <div class=\"photo-gallery__gallery__item\">\n            <div class=\"photo-gallery__gallery__item__thumbnail\" style=\"background-image:url(https:\/\/residencessoleil.ca\/wp-content\/uploads\/2025\/07\/511583067_1036210788691774_490392507593277540_n.jpg);\"><\/div>\n            <div class=\"photo-gallery__gallery__item__overlay\" aria-hidden=\"true\"><\/div>\n                          <p class=\"photo-gallery__gallery__item__caption\">Photo credit: Ville de Sainte-Julie<\/p>\n                        <a class=\"photo-gallery__gallery__item__enlarge btn btn-icon-only\" href=\"https:\/\/residencessoleil.ca\/wp-content\/uploads\/2025\/07\/511583067_1036210788691774_490392507593277540_n.jpg\" data-fancybox=\"gallery-185\" data-caption=\"Photo credit: Ville de Sainte-Julie\">\n              <div class=\"btn-inner\">\n                <span class=\"sr-only\">\n                                    Enlarge image &quot;Photo credit: Ville de Sainte-Julie&quot;                <\/span>\n                <i class=\"icon icon-plus\" aria-hidden=\"true\"><\/i>\n              <\/div>\n            <\/a>\n          <\/div>\n        <\/div>\n                      <div class=\"photo-gallery__cell\">\n          <div class=\"photo-gallery__gallery__item\">\n            <div class=\"photo-gallery__gallery__item__thumbnail\" style=\"background-image:url(https:\/\/residencessoleil.ca\/wp-content\/uploads\/2025\/07\/512742902_1036209602025226_5466156474220733910_n.jpg);\"><\/div>\n            <div class=\"photo-gallery__gallery__item__overlay\" aria-hidden=\"true\"><\/div>\n                          <p class=\"photo-gallery__gallery__item__caption\">Photo credit: Ville de Sainte-Julie<\/p>\n                        <a class=\"photo-gallery__gallery__item__enlarge btn btn-icon-only\" href=\"https:\/\/residencessoleil.ca\/wp-content\/uploads\/2025\/07\/512742902_1036209602025226_5466156474220733910_n.jpg\" data-fancybox=\"gallery-185\" data-caption=\"Photo credit: Ville de Sainte-Julie\">\n              <div class=\"btn-inner\">\n                <span class=\"sr-only\">\n                                    Enlarge image &quot;Photo credit: Ville de Sainte-Julie&quot;                <\/span>\n                <i class=\"icon icon-plus\" aria-hidden=\"true\"><\/i>\n              <\/div>\n            <\/a>\n          <\/div>\n        <\/div>\n                      <div class=\"photo-gallery__cell\">\n          <div class=\"photo-gallery__gallery__item\">\n            <div class=\"photo-gallery__gallery__item__thumbnail\" style=\"background-image:url(https:\/\/residencessoleil.ca\/wp-content\/uploads\/2025\/07\/513548333_1036207798692073_1549069524659620069_n.jpg);\"><\/div>\n            <div class=\"photo-gallery__gallery__item__overlay\" aria-hidden=\"true\"><\/div>\n                          <p class=\"photo-gallery__gallery__item__caption\">Photo credit: Ville de Sainte-Julie<\/p>\n                        <a class=\"photo-gallery__gallery__item__enlarge btn btn-icon-only\" href=\"https:\/\/residencessoleil.ca\/wp-content\/uploads\/2025\/07\/513548333_1036207798692073_1549069524659620069_n.jpg\" data-fancybox=\"gallery-185\" data-caption=\"Photo credit: Ville de Sainte-Julie\">\n              <div class=\"btn-inner\">\n                <span class=\"sr-only\">\n                                    Enlarge image &quot;Photo credit: Ville de Sainte-Julie&quot;                <\/span>\n                <i class=\"icon icon-plus\" aria-hidden=\"true\"><\/i>\n              <\/div>\n            <\/a>\n          <\/div>\n        <\/div>\n          <\/div>\n  <\/div>\n\n\n\n<h3 class=\"wp-block-heading\">&nbsp;<br><strong><font color=\"#0090d7\">A renewed commitment to the community<\/font><\/strong><\/h3>\n\n\n\n<div class=\"wp-block-columns is-layout-flex wp-container-core-columns-is-layout-3 wp-block-columns-is-layout-flex\">\n<div class=\"wp-block-column is-layout-flow wp-block-column-is-layout-flow\">\n<figure class=\"wp-block-image size-large\"><img decoding=\"async\" width=\"1024\" height=\"683\" src=\"https:\/\/residencessoleil.ca\/wp-content\/uploads\/2025\/07\/512126032_1036211332025053_322372688676707807_n-1024x683.jpg\" alt=\"Participants Julie-Tour \" class=\"wp-image-32450\" srcset=\"https:\/\/residencessoleil.ca\/wp-content\/uploads\/2025\/07\/512126032_1036211332025053_322372688676707807_n-1024x683.jpg 1024w, https:\/\/residencessoleil.ca\/wp-content\/uploads\/2025\/07\/512126032_1036211332025053_322372688676707807_n-300x200.jpg 300w, https:\/\/residencessoleil.ca\/wp-content\/uploads\/2025\/07\/512126032_1036211332025053_322372688676707807_n-768x512.jpg 768w, https:\/\/residencessoleil.ca\/wp-content\/uploads\/2025\/07\/512126032_1036211332025053_322372688676707807_n-1536x1024.jpg 1536w, https:\/\/residencessoleil.ca\/wp-content\/uploads\/2025\/07\/512126032_1036211332025053_322372688676707807_n.jpg 1920w\" sizes=\"(max-width: 1024px) 100vw, 1024px\" \/><figcaption class=\"wp-element-caption\">Photo credit: Ville de Sainte-Julie<\/figcaption><\/figure>\n<\/div>\n\n\n\n<div class=\"wp-block-column is-layout-flow wp-block-column-is-layout-flow\">\n<figure class=\"wp-block-image size-large\"><img decoding=\"async\" width=\"1024\" height=\"683\" src=\"https:\/\/residencessoleil.ca\/wp-content\/uploads\/2025\/07\/512653246_1036212528691600_5291330340810769746_n-1024x683.jpg\" alt=\"Animations lors du Julie-Tour, pr\u00e9sent\u00e9 par Les R\u00e9sidences Soleil\" class=\"wp-image-32452\" srcset=\"https:\/\/residencessoleil.ca\/wp-content\/uploads\/2025\/07\/512653246_1036212528691600_5291330340810769746_n-1024x683.jpg 1024w, https:\/\/residencessoleil.ca\/wp-content\/uploads\/2025\/07\/512653246_1036212528691600_5291330340810769746_n-300x200.jpg 300w, https:\/\/residencessoleil.ca\/wp-content\/uploads\/2025\/07\/512653246_1036212528691600_5291330340810769746_n-768x512.jpg 768w, https:\/\/residencessoleil.ca\/wp-content\/uploads\/2025\/07\/512653246_1036212528691600_5291330340810769746_n-1536x1024.jpg 1536w, https:\/\/residencessoleil.ca\/wp-content\/uploads\/2025\/07\/512653246_1036212528691600_5291330340810769746_n.jpg 1920w\" sizes=\"(max-width: 1024px) 100vw, 1024px\" \/><figcaption class=\"wp-element-caption\">Photo credit: Ville de Sainte-Julie<\/figcaption><\/figure>\n<\/div>\n<\/div>\n\n\n\n<p class=\"has-large-font-size\">Les R\u00e9sidences Soleil is proud to support events that <strong>promote physical activity, community life and the pleasure of getting together.<\/strong> By supporting causes like the Julie-Tour that bring us together, we affirm our desire to be part of the active and social life of the communities we serve.<\/p>\n\n\n\n<h4 class=\"wp-block-heading\"><font color=\"#0090d7\">Many thanks to the Ville de Sainte-Julie, the organizers and all the participants for this 39th edition, filled with smiles, movement and collective pride<\/font><strong><font color=\"#0090d7\">.<\/font><\/strong><\/h4>\n","protected":false},"excerpt":{"rendered":"<p>On June 24, under a radiant sun, the traditional Julie-Tour kicked off \u2014 a 10 km family bike ride through the beautiful city of Sainte-Julie, marking its 39th edition. This beloved family event launched the National Holiday celebrations, which continued throughout the afternoon with children&#8217;s activities, and into the evening with a big family party, &hellip;<\/p>\n","protected":false},"author":18,"featured_media":32556,"comment_status":"closed","ping_status":"open","sticky":false,"template":"","format":"standard","meta":{"_acf_changed":false,"om_disable_all_campaigns":false,"_relevanssi_hide_post":"","_relevanssi_hide_content":"","_relevanssi_pin_for_all":"","_relevanssi_pin_keywords":"","_relevanssi_unpin_keywords":"","_relevanssi_related_keywords":"","_relevanssi_related_include_ids":"","_relevanssi_related_exclude_ids":"","_relevanssi_related_no_append":"","_relevanssi_related_not_related":"","_relevanssi_related_posts":"32440,25368,23778,26462,24521,1707","_relevanssi_noindex_reason":"","footnotes":""},"categories":[44,32,46,45],"tags":[],"global_category":[],"class_list":["post-32572","post","type-post","status-publish","format-standard","has-post-thumbnail","hentry","category-nouveaute","category-implication-sociale","category-news","category-social-implications"],"acf":[],"_links":{"self":[{"href":"https:\/\/residencessoleil.ca\/en\/wp-json\/wp\/v2\/posts\/32572","targetHints":{"allow":["GET"]}}],"collection":[{"href":"https:\/\/residencessoleil.ca\/en\/wp-json\/wp\/v2\/posts"}],"about":[{"href":"https:\/\/residencessoleil.ca\/en\/wp-json\/wp\/v2\/types\/post"}],"author":[{"embeddable":true,"href":"https:\/\/residencessoleil.ca\/en\/wp-json\/wp\/v2\/users\/18"}],"replies":[{"embeddable":true,"href":"https:\/\/residencessoleil.ca\/en\/wp-json\/wp\/v2\/comments?post=32572"}],"version-history":[{"count":4,"href":"https:\/\/residencessoleil.ca\/en\/wp-json\/wp\/v2\/posts\/32572\/revisions"}],"predecessor-version":[{"id":32580,"href":"https:\/\/residencessoleil.ca\/en\/wp-json\/wp\/v2\/posts\/32572\/revisions\/32580"}],"wp:featuredmedia":[{"embeddable":true,"href":"https:\/\/residencessoleil.ca\/en\/wp-json\/wp\/v2\/media\/32556"}],"wp:attachment":[{"href":"https:\/\/residencessoleil.ca\/en\/wp-json\/wp\/v2\/media?parent=32572"}],"wp:term":[{"taxonomy":"category","embeddable":true,"href":"https:\/\/residencessoleil.ca\/en\/wp-json\/wp\/v2\/categories?post=32572"},{"taxonomy":"post_tag","embeddable":true,"href":"https:\/\/residencessoleil.ca\/en\/wp-json\/wp\/v2\/tags?post=32572"},{"taxonomy":"global_category","embeddable":true,"href":"https:\/\/residencessoleil.ca\/en\/wp-json\/wp\/v2\/global_category?post=32572"}],"curies":[{"name":"wp","href":"https:\/\/api.w.org\/{rel}","templated":true}]}}