{"id":33869,"date":"2025-07-28T10:55:59","date_gmt":"2025-07-28T15:55:59","guid":{"rendered":"https:\/\/residencessoleil.ca\/?p=33869"},"modified":"2025-08-27T10:56:47","modified_gmt":"2025-08-27T15:56:47","slug":"the-chus-geriatric-emergency-a-quebec-inspiration","status":"publish","type":"post","link":"https:\/\/residencessoleil.ca\/en\/news\/the-chus-geriatric-emergency-a-quebec-inspiration\/","title":{"rendered":"The CHUS Geriatric Emergency: a Qu\u00e9bec inspiration!"},"content":{"rendered":"\n<h4 class=\"wp-block-heading\"><strong style=\"background-color: #fcdc12;\">&#8220;In the Media<\/strong>&#8221; News &#8211; <a href=\"https:\/\/www.fondationchus.org\/en\/nouvelles\/lurgence-geriatrique-du-chus-une-source-dinspiration-au-quebec\" target=\"_blank\" rel=\"noreferrer noopener\">CHUS Fondation<\/a><\/h4>\n\n\n\n<div style=\"height:30px\" aria-hidden=\"true\" class=\"wp-block-spacer\"><\/div>\n\n\n\n<div class=\"wp-block-columns is-layout-flex wp-container-core-columns-is-layout-2 wp-block-columns-is-layout-flex\">\n<div class=\"wp-block-column is-layout-flow wp-block-column-is-layout-flow\">\n<div class=\"wp-block-columns is-layout-flex wp-container-core-columns-is-layout-1 wp-block-columns-is-layout-flex\">\n<div class=\"wp-block-column is-layout-flow wp-block-column-is-layout-flow\" style=\"flex-basis:33.33%\">\n<figure class=\"wp-block-image size-full\"><a href=\"https:\/\/www.fondationchus.org\/en\/nouvelles\/lurgence-geriatrique-du-chus-une-source-dinspiration-au-quebec\" target=\"_blank\" rel=\" noreferrer noopener\"><img decoding=\"async\" width=\"983\" height=\"220\" src=\"https:\/\/residencessoleil.ca\/wp-content\/uploads\/2024\/04\/Fondation-CHUS.png\" alt=\"\" class=\"wp-image-23297\" srcset=\"https:\/\/residencessoleil.ca\/wp-content\/uploads\/2024\/04\/Fondation-CHUS.png 983w, https:\/\/residencessoleil.ca\/wp-content\/uploads\/2024\/04\/Fondation-CHUS-300x67.png 300w, https:\/\/residencessoleil.ca\/wp-content\/uploads\/2024\/04\/Fondation-CHUS-768x172.png 768w\" sizes=\"(max-width: 983px) 100vw, 983px\" \/><\/a><\/figure>\n\n\n\n<h4 class=\"wp-block-heading\">At H\u00f4tel-Dieu de Sherbrooke, nearly four in ten patients are aged 75 or older, a proportion expected to rise significantly in the coming years.<br><\/h4>\n<\/div>\n\n\n\n<div class=\"wp-block-column is-layout-flow wp-block-column-is-layout-flow\" style=\"flex-basis:66.66%\">\n<figure class=\"wp-block-image size-large\"><img decoding=\"async\" width=\"1024\" height=\"536\" src=\"https:\/\/residencessoleil.ca\/wp-content\/uploads\/2025\/08\/La-Famille-Savoie-visite-le-CHUS-1024x536.jpg\" alt=\"The Savoie Family Visits the Geriatric Emergency Department\" class=\"wp-image-33003\" srcset=\"https:\/\/residencessoleil.ca\/wp-content\/uploads\/2025\/08\/La-Famille-Savoie-visite-le-CHUS-1024x536.jpg 1024w, https:\/\/residencessoleil.ca\/wp-content\/uploads\/2025\/08\/La-Famille-Savoie-visite-le-CHUS-300x157.jpg 300w, https:\/\/residencessoleil.ca\/wp-content\/uploads\/2025\/08\/La-Famille-Savoie-visite-le-CHUS-768x402.jpg 768w, https:\/\/residencessoleil.ca\/wp-content\/uploads\/2025\/08\/La-Famille-Savoie-visite-le-CHUS-1536x804.jpg 1536w, https:\/\/residencessoleil.ca\/wp-content\/uploads\/2025\/08\/La-Famille-Savoie-visite-le-CHUS.jpg 1747w\" sizes=\"(max-width: 1024px) 100vw, 1024px\" \/><figcaption class=\"wp-element-caption\">From left to right: Eddy Junior Savoie, Executive President, Construction; Katarina-Darkise Marcil, Vice President, Customer Experience; Eddy Savoie, Founder and President; Carmelle Savoie, Vice President; Nataly Savoie, Executive President; and Dr. Audrey-Anne Brousseau, Emergency Physician and Head of Geriatrics at CIUSSS de l\u2019Estrie \u2013 CHUS.<\/figcaption><\/figure>\n<\/div>\n<\/div>\n<\/div>\n<\/div>\n\n\n\n<p class=\"has-large-font-size\">In response, the Emergency Department Team took the lead in implementing an innovative care model specifically designed to meet the needs of elderly patients. Introduced in 2019, this more human-centered and reassuring approach is now drawing attention from other major emergency departments. <strong>Teams from the CHUM, CHU de Qu\u00e9bec, and H\u00f4pital du Sacr\u00e9-C\u0153ur de Montr\u00e9al, among others, have visited Sherbrooke in the past year to learn from the CHUS model.<\/strong><\/p>\n\n\n\n<p class=\"has-large-font-size\">What is a geriatric emergency department? It\u2019s a care environment thoughtfully designed for older adults, staffed with specially trained professionals, equipped with adapted tools, and supported by targeted protocols tailored to the needs of this vulnerable population. In fact, CHUS is the&nbsp;<strong>only hospital in Canada to have earned Silver-level Geriatric Emergency Department Accreditation&nbsp;<\/strong>from the American College of Emergency Physicians. The team is now aiming for Gold by 2026.<\/p>\n\n\n\n<p class=\"has-large-font-size\">Dr. Audrey-Anne Brousseau, emergency physician and lead for the geriatric program, recently surveyed her team to gather their impressions and reflect on how far they\u2019ve come.<\/p>\n\n\n\n<div class=\"wp-block-columns is-layout-flex wp-container-core-columns-is-layout-3 wp-block-columns-is-layout-flex\">\n<div class=\"wp-block-column is-layout-flow wp-block-column-is-layout-flow\">\n<h4 class=\"wp-block-heading\"><strong><strong>Among the key positive impacts observed:<\/strong><\/strong><\/h4>\n\n\n<div class=\"wp-block-list\">\n<ul class=\"wp-block-list\">\n<li class=\"has-large-font-size\">Patients are more actively involved in their care<\/li>\n\n\n\n<li class=\"has-large-font-size\">Cognitive and physical decline is reduced<\/li>\n\n\n\n<li class=\"has-large-font-size\">Healthcare staff feel better supported<\/li>\n\n\n\n<li class=\"has-large-font-size\">The overall quality of care has been transformed<\/li>\n<\/ul>\n<\/div>\n\n\n<p class=\"has-large-font-size\">In addition, the new Emergency Department at H\u00f4pital Fleurimont, set to open in February 2026, will also include the CHUS Geriatric Emergency concept.<\/p>\n<\/div>\n<\/div>\n\n\n\n<div class=\"wp-block-columns is-layout-flex wp-container-core-columns-is-layout-4 wp-block-columns-is-layout-flex\">\n<div class=\"wp-block-column is-layout-flow wp-block-column-is-layout-flow\">\n<h3 class=\"wp-block-heading\"><strong><font color=\"#0090d7\"><strong>The Savoie Family Visits the Geriatric Emergency Department<\/strong><\/font><\/strong><\/h3>\n\n\n\n<p class=\"has-large-font-size\">This year, many purchases were made to enhance the geriatric emergency environment: specialized equipment for specific needs, comfortable chairs, mattresses, walkers, activity carts, and other accessories aimed at improving patient comfort.&nbsp;<\/p>\n\n\n\n<p class=\"has-large-font-size\">Members of the Savoie Family\u2014major donors to the project and leaders of <a href=\"https:\/\/residencessoleil.ca\/en\/news\/prix-coup-de-coeur-philanthropique-awarded-to-the-savoie-family\/\"><strong>Les R\u00e9sidences Soleil<\/strong><\/a>\u2014recently visited the facility to meet the team and see first-hand the tangible outcomes and impact of their generous support on the care provided to seniors.<\/p>\n\n\n\n<blockquote class=\"wp-block-quote is-style-large has-large-font-size is-layout-flow wp-block-quote-is-layout-flow\">\n<div style=\"height:40px\" aria-hidden=\"true\" class=\"wp-block-spacer\"><\/div>\n\n\n\n<p class=\"has-large-font-size\">&#8220;We were impressed by the serene atmosphere here, very different from the hustle and bustle usually associated with hospital emergency departments. The little attentions, carefully thought out, have a considerable impact in soothing the elderly who very often arrive in emergency situations. The adapted environment, its soothing atmosphere and the professionalism of the staff make this place a true model to follow.&#8221;<\/p>\n<cite><strong><strong>&#8211; <strong><strong>Nataly Savoie, Executive President<\/strong><\/strong><\/strong><\/strong><\/cite><\/blockquote>\n\n\n\n<div style=\"height:30px\" aria-hidden=\"true\" class=\"wp-block-spacer\"><\/div>\n\n\n\n<p class=\"has-large-font-size\">This shift toward a geriatric-focused emergency department is not only inspiring:&nbsp;<strong><font color=\"#0090d7\">it\u2019s necessary.&nbsp;<\/font><\/strong>According to projections from the Institut de la statistique du Qu\u00e9bec, people aged 65 and over will soon make up one in four individuals in the population. This demographic growth is driven by increased life expectancy and the aging of the baby boomer generation.<\/p>\n<\/div>\n<\/div>\n","protected":false},"excerpt":{"rendered":"<p>&#8220;In the Media&#8221; News &#8211; CHUS Fondation At H\u00f4tel-Dieu de Sherbrooke, nearly four in ten patients are aged 75 or older, a proportion expected to rise significantly in the coming years. In response, the Emergency Department Team took the lead in implementing an innovative care model specifically designed to meet the needs of elderly patients. &hellip;<\/p>\n","protected":false},"author":18,"featured_media":33003,"comment_status":"closed","ping_status":"open","sticky":false,"template":"","format":"standard","meta":{"_acf_changed":false,"om_disable_all_campaigns":false,"_relevanssi_hide_post":"","_relevanssi_hide_content":"","_relevanssi_pin_for_all":"","_relevanssi_pin_keywords":"","_relevanssi_unpin_keywords":"","_relevanssi_related_keywords":"","_relevanssi_related_include_ids":"","_relevanssi_related_exclude_ids":"","_relevanssi_related_no_append":"","_relevanssi_related_not_related":"","_relevanssi_related_posts":"1597,1639,1584,28069,25074,23192","_relevanssi_noindex_reason":"","footnotes":""},"categories":[44,32,46,45],"tags":[],"global_category":[19],"class_list":["post-33869","post","type-post","status-publish","format-standard","has-post-thumbnail","hentry","category-nouveaute","category-implication-sociale","category-news","category-social-implications","global_category-nouvelle"],"acf":[],"_links":{"self":[{"href":"https:\/\/residencessoleil.ca\/en\/wp-json\/wp\/v2\/posts\/33869","targetHints":{"allow":["GET"]}}],"collection":[{"href":"https:\/\/residencessoleil.ca\/en\/wp-json\/wp\/v2\/posts"}],"about":[{"href":"https:\/\/residencessoleil.ca\/en\/wp-json\/wp\/v2\/types\/post"}],"author":[{"embeddable":true,"href":"https:\/\/residencessoleil.ca\/en\/wp-json\/wp\/v2\/users\/18"}],"replies":[{"embeddable":true,"href":"https:\/\/residencessoleil.ca\/en\/wp-json\/wp\/v2\/comments?post=33869"}],"version-history":[{"count":6,"href":"https:\/\/residencessoleil.ca\/en\/wp-json\/wp\/v2\/posts\/33869\/revisions"}],"predecessor-version":[{"id":33942,"href":"https:\/\/residencessoleil.ca\/en\/wp-json\/wp\/v2\/posts\/33869\/revisions\/33942"}],"wp:featuredmedia":[{"embeddable":true,"href":"https:\/\/residencessoleil.ca\/en\/wp-json\/wp\/v2\/media\/33003"}],"wp:attachment":[{"href":"https:\/\/residencessoleil.ca\/en\/wp-json\/wp\/v2\/media?parent=33869"}],"wp:term":[{"taxonomy":"category","embeddable":true,"href":"https:\/\/residencessoleil.ca\/en\/wp-json\/wp\/v2\/categories?post=33869"},{"taxonomy":"post_tag","embeddable":true,"href":"https:\/\/residencessoleil.ca\/en\/wp-json\/wp\/v2\/tags?post=33869"},{"taxonomy":"global_category","embeddable":true,"href":"https:\/\/residencessoleil.ca\/en\/wp-json\/wp\/v2\/global_category?post=33869"}],"curies":[{"name":"wp","href":"https:\/\/api.w.org\/{rel}","templated":true}]}}