{"id":33946,"date":"2025-08-20T14:26:56","date_gmt":"2025-08-20T19:26:56","guid":{"rendered":"https:\/\/residencessoleil.ca\/?p=33946"},"modified":"2025-08-27T14:28:45","modified_gmt":"2025-08-27T19:28:45","slug":"first-monthly-birthday-party-at-the-manoir-repentigny","status":"publish","type":"post","link":"https:\/\/residencessoleil.ca\/en\/news\/first-monthly-birthday-party-at-the-manoir-repentigny\/","title":{"rendered":"First monthly birthday party at the Manoir Repentigny"},"content":{"rendered":"\n<h4 class=\"wp-block-heading\"><strong><font color=\"#0090d7\">Les R\u00e9sidences Soleil Manoir Repentigny<\/font><\/strong> recently reached an important milestone with the kickoff of the <strong>Monthly Birthday Celebrations<\/strong>! This intergenerational event brings people together in the purest Soleil tradition, a hallmark of the Soleil lifestyle since the very beginning.<\/h4>\n\n\n\n<p class=\"has-large-font-size\">A busy month for celebrations at Manoir Repentigny, August saw the birthdays of <strong>70 residents and 6 employees, <\/strong>the <strong>wedding anniversaries of 10 couples,<\/strong> and the <strong>introduction of 3 new members to the Select 90 Club! <\/strong>All of them signed the R\u00e9sidences Soleil <strong>Golden Guest book <\/strong>for the first time.<\/p>\n\n\n\n<div class=\"wp-block-columns is-layout-flex wp-container-core-columns-is-layout-2 wp-block-columns-is-layout-flex\">\n<div class=\"wp-block-column is-layout-flow wp-block-column-is-layout-flow\">\n<h3 class=\"wp-block-heading\"><strong><font color=\"#0090d7\">Relive the best moments of the evening!<\/font><\/strong><\/h3>\n\n\n\n<p class=\"has-large-font-size\">The atmosphere was electric from the moment we stepped into <strong>the spectacular dining room on the 31st floor. <\/strong>Vibrant decorations, lively background music, knowing smiles, elegant outfits, and even bottles of wine raised in honor of the guests of honor: everything was in place to get the party started.<\/p>\n\n\n\n  <div class=\"block-photo-gallery aligndefault\">\n    <div class=\"photo-gallery__header\">\n            <h2 class=\"photo-gallery__title\"><\/h2>\n          <\/div>\n    <div class=\"photo-gallery__gallery\">\n                      <div class=\"photo-gallery__cell\">\n          <div class=\"photo-gallery__gallery__item\">\n            <div class=\"photo-gallery__gallery__item__thumbnail\" style=\"background-image:url(https:\/\/residencessoleil.ca\/wp-content\/uploads\/2025\/08\/IMG_0743.png);\"><\/div>\n            <div class=\"photo-gallery__gallery__item__overlay\" aria-hidden=\"true\"><\/div>\n                        <a class=\"photo-gallery__gallery__item__enlarge btn btn-icon-only\" href=\"https:\/\/residencessoleil.ca\/wp-content\/uploads\/2025\/08\/IMG_0743.png\" data-fancybox=\"gallery-655\" data-caption=\"\">\n              <div class=\"btn-inner\">\n                <span class=\"sr-only\">\n                                    Enlarge image &quot;&quot;                <\/span>\n                <i class=\"icon icon-plus\" aria-hidden=\"true\"><\/i>\n              <\/div>\n            <\/a>\n          <\/div>\n        <\/div>\n                      <div class=\"photo-gallery__cell\">\n          <div class=\"photo-gallery__gallery__item\">\n            <div class=\"photo-gallery__gallery__item__thumbnail\" style=\"background-image:url(https:\/\/residencessoleil.ca\/wp-content\/uploads\/2025\/08\/IMG_0769.png);\"><\/div>\n            <div class=\"photo-gallery__gallery__item__overlay\" aria-hidden=\"true\"><\/div>\n                        <a class=\"photo-gallery__gallery__item__enlarge btn btn-icon-only\" href=\"https:\/\/residencessoleil.ca\/wp-content\/uploads\/2025\/08\/IMG_0769.png\" data-fancybox=\"gallery-655\" data-caption=\"\">\n              <div class=\"btn-inner\">\n                <span class=\"sr-only\">\n                                    Enlarge image &quot;&quot;                <\/span>\n                <i class=\"icon icon-plus\" aria-hidden=\"true\"><\/i>\n              <\/div>\n            <\/a>\n          <\/div>\n        <\/div>\n                      <div class=\"photo-gallery__cell\">\n          <div class=\"photo-gallery__gallery__item\">\n            <div class=\"photo-gallery__gallery__item__thumbnail\" style=\"background-image:url(https:\/\/residencessoleil.ca\/wp-content\/uploads\/2025\/08\/IMG_0845.png);\"><\/div>\n            <div class=\"photo-gallery__gallery__item__overlay\" aria-hidden=\"true\"><\/div>\n                        <a class=\"photo-gallery__gallery__item__enlarge btn btn-icon-only\" href=\"https:\/\/residencessoleil.ca\/wp-content\/uploads\/2025\/08\/IMG_0845.png\" data-fancybox=\"gallery-655\" data-caption=\"\">\n              <div class=\"btn-inner\">\n                <span class=\"sr-only\">\n                                    Enlarge image &quot;&quot;                <\/span>\n                <i class=\"icon icon-plus\" aria-hidden=\"true\"><\/i>\n              <\/div>\n            <\/a>\n          <\/div>\n        <\/div>\n                      <div class=\"photo-gallery__cell\">\n          <div class=\"photo-gallery__gallery__item\">\n            <div class=\"photo-gallery__gallery__item__thumbnail\" style=\"background-image:url(https:\/\/residencessoleil.ca\/wp-content\/uploads\/2025\/08\/IMG_0877.png);\"><\/div>\n            <div class=\"photo-gallery__gallery__item__overlay\" aria-hidden=\"true\"><\/div>\n                        <a class=\"photo-gallery__gallery__item__enlarge btn btn-icon-only\" href=\"https:\/\/residencessoleil.ca\/wp-content\/uploads\/2025\/08\/IMG_0877.png\" data-fancybox=\"gallery-655\" data-caption=\"\">\n              <div class=\"btn-inner\">\n                <span class=\"sr-only\">\n                                    Enlarge image &quot;&quot;                <\/span>\n                <i class=\"icon icon-plus\" aria-hidden=\"true\"><\/i>\n              <\/div>\n            <\/a>\n          <\/div>\n        <\/div>\n                      <div class=\"photo-gallery__cell\">\n          <div class=\"photo-gallery__gallery__item\">\n            <div class=\"photo-gallery__gallery__item__thumbnail\" style=\"background-image:url(https:\/\/residencessoleil.ca\/wp-content\/uploads\/2025\/08\/IMG_0888.png);\"><\/div>\n            <div class=\"photo-gallery__gallery__item__overlay\" aria-hidden=\"true\"><\/div>\n                        <a class=\"photo-gallery__gallery__item__enlarge btn btn-icon-only\" href=\"https:\/\/residencessoleil.ca\/wp-content\/uploads\/2025\/08\/IMG_0888.png\" data-fancybox=\"gallery-655\" data-caption=\"\">\n              <div class=\"btn-inner\">\n                <span class=\"sr-only\">\n                                    Enlarge image &quot;&quot;                <\/span>\n                <i class=\"icon icon-plus\" aria-hidden=\"true\"><\/i>\n              <\/div>\n            <\/a>\n          <\/div>\n        <\/div>\n                      <div class=\"photo-gallery__cell\">\n          <div class=\"photo-gallery__gallery__item\">\n            <div class=\"photo-gallery__gallery__item__thumbnail\" style=\"background-image:url(https:\/\/residencessoleil.ca\/wp-content\/uploads\/2025\/08\/IMG_0977.png);\"><\/div>\n            <div class=\"photo-gallery__gallery__item__overlay\" aria-hidden=\"true\"><\/div>\n                        <a class=\"photo-gallery__gallery__item__enlarge btn btn-icon-only\" href=\"https:\/\/residencessoleil.ca\/wp-content\/uploads\/2025\/08\/IMG_0977.png\" data-fancybox=\"gallery-655\" data-caption=\"\">\n              <div class=\"btn-inner\">\n                <span class=\"sr-only\">\n                                    Enlarge image &quot;&quot;                <\/span>\n                <i class=\"icon icon-plus\" aria-hidden=\"true\"><\/i>\n              <\/div>\n            <\/a>\n          <\/div>\n        <\/div>\n                      <div class=\"photo-gallery__cell\">\n          <div class=\"photo-gallery__gallery__item\">\n            <div class=\"photo-gallery__gallery__item__thumbnail\" style=\"background-image:url(https:\/\/residencessoleil.ca\/wp-content\/uploads\/2025\/08\/IMG_0950.png);\"><\/div>\n            <div class=\"photo-gallery__gallery__item__overlay\" aria-hidden=\"true\"><\/div>\n                        <a class=\"photo-gallery__gallery__item__enlarge btn btn-icon-only\" href=\"https:\/\/residencessoleil.ca\/wp-content\/uploads\/2025\/08\/IMG_0950.png\" data-fancybox=\"gallery-655\" data-caption=\"\">\n              <div class=\"btn-inner\">\n                <span class=\"sr-only\">\n                                    Enlarge image &quot;&quot;                <\/span>\n                <i class=\"icon icon-plus\" aria-hidden=\"true\"><\/i>\n              <\/div>\n            <\/a>\n          <\/div>\n        <\/div>\n                      <div class=\"photo-gallery__cell\">\n          <div class=\"photo-gallery__gallery__item\">\n            <div class=\"photo-gallery__gallery__item__thumbnail\" style=\"background-image:url(https:\/\/residencessoleil.ca\/wp-content\/uploads\/2025\/08\/IMG_1107.png);\"><\/div>\n            <div class=\"photo-gallery__gallery__item__overlay\" aria-hidden=\"true\"><\/div>\n                        <a class=\"photo-gallery__gallery__item__enlarge btn btn-icon-only\" href=\"https:\/\/residencessoleil.ca\/wp-content\/uploads\/2025\/08\/IMG_1107.png\" data-fancybox=\"gallery-655\" data-caption=\"\">\n              <div class=\"btn-inner\">\n                <span class=\"sr-only\">\n                                    Enlarge image &quot;&quot;                <\/span>\n                <i class=\"icon icon-plus\" aria-hidden=\"true\"><\/i>\n              <\/div>\n            <\/a>\n          <\/div>\n        <\/div>\n                      <div class=\"photo-gallery__cell\">\n          <div class=\"photo-gallery__gallery__item\">\n            <div class=\"photo-gallery__gallery__item__thumbnail\" style=\"background-image:url(https:\/\/residencessoleil.ca\/wp-content\/uploads\/2025\/08\/IMG_1166.png);\"><\/div>\n            <div class=\"photo-gallery__gallery__item__overlay\" aria-hidden=\"true\"><\/div>\n                        <a class=\"photo-gallery__gallery__item__enlarge btn btn-icon-only\" href=\"https:\/\/residencessoleil.ca\/wp-content\/uploads\/2025\/08\/IMG_1166.png\" data-fancybox=\"gallery-655\" data-caption=\"\">\n              <div class=\"btn-inner\">\n                <span class=\"sr-only\">\n                                    Enlarge image &quot;&quot;                <\/span>\n                <i class=\"icon icon-plus\" aria-hidden=\"true\"><\/i>\n              <\/div>\n            <\/a>\n          <\/div>\n        <\/div>\n                      <div class=\"photo-gallery__cell\">\n          <div class=\"photo-gallery__gallery__item\">\n            <div class=\"photo-gallery__gallery__item__thumbnail\" style=\"background-image:url(https:\/\/residencessoleil.ca\/wp-content\/uploads\/2025\/08\/IMG_1243.png);\"><\/div>\n            <div class=\"photo-gallery__gallery__item__overlay\" aria-hidden=\"true\"><\/div>\n                        <a class=\"photo-gallery__gallery__item__enlarge btn btn-icon-only\" href=\"https:\/\/residencessoleil.ca\/wp-content\/uploads\/2025\/08\/IMG_1243.png\" data-fancybox=\"gallery-655\" data-caption=\"\">\n              <div class=\"btn-inner\">\n                <span class=\"sr-only\">\n                                    Enlarge image &quot;&quot;                <\/span>\n                <i class=\"icon icon-plus\" aria-hidden=\"true\"><\/i>\n              <\/div>\n            <\/a>\n          <\/div>\n        <\/div>\n                      <div class=\"photo-gallery__cell\">\n          <div class=\"photo-gallery__gallery__item\">\n            <div class=\"photo-gallery__gallery__item__thumbnail\" style=\"background-image:url(https:\/\/residencessoleil.ca\/wp-content\/uploads\/2025\/08\/IMG_1293.png);\"><\/div>\n            <div class=\"photo-gallery__gallery__item__overlay\" aria-hidden=\"true\"><\/div>\n                        <a class=\"photo-gallery__gallery__item__enlarge btn btn-icon-only\" href=\"https:\/\/residencessoleil.ca\/wp-content\/uploads\/2025\/08\/IMG_1293.png\" data-fancybox=\"gallery-655\" data-caption=\"\">\n              <div class=\"btn-inner\">\n                <span class=\"sr-only\">\n                                    Enlarge image &quot;&quot;                <\/span>\n                <i class=\"icon icon-plus\" aria-hidden=\"true\"><\/i>\n              <\/div>\n            <\/a>\n          <\/div>\n        <\/div>\n                      <div class=\"photo-gallery__cell\">\n          <div class=\"photo-gallery__gallery__item\">\n            <div class=\"photo-gallery__gallery__item__thumbnail\" style=\"background-image:url(https:\/\/residencessoleil.ca\/wp-content\/uploads\/2025\/08\/IMG_1343.png);\"><\/div>\n            <div class=\"photo-gallery__gallery__item__overlay\" aria-hidden=\"true\"><\/div>\n                        <a class=\"photo-gallery__gallery__item__enlarge btn btn-icon-only\" href=\"https:\/\/residencessoleil.ca\/wp-content\/uploads\/2025\/08\/IMG_1343.png\" data-fancybox=\"gallery-655\" data-caption=\"\">\n              <div class=\"btn-inner\">\n                <span class=\"sr-only\">\n                                    Enlarge image &quot;&quot;                <\/span>\n                <i class=\"icon icon-plus\" aria-hidden=\"true\"><\/i>\n              <\/div>\n            <\/a>\n          <\/div>\n        <\/div>\n                      <div class=\"photo-gallery__cell\">\n          <div class=\"photo-gallery__gallery__item\">\n            <div class=\"photo-gallery__gallery__item__thumbnail\" style=\"background-image:url(https:\/\/residencessoleil.ca\/wp-content\/uploads\/2025\/08\/IMG_1360.png);\"><\/div>\n            <div class=\"photo-gallery__gallery__item__overlay\" aria-hidden=\"true\"><\/div>\n                        <a class=\"photo-gallery__gallery__item__enlarge btn btn-icon-only\" href=\"https:\/\/residencessoleil.ca\/wp-content\/uploads\/2025\/08\/IMG_1360.png\" data-fancybox=\"gallery-655\" data-caption=\"\">\n              <div class=\"btn-inner\">\n                <span class=\"sr-only\">\n                                    Enlarge image &quot;&quot;                <\/span>\n                <i class=\"icon icon-plus\" aria-hidden=\"true\"><\/i>\n              <\/div>\n            <\/a>\n          <\/div>\n        <\/div>\n                      <div class=\"photo-gallery__cell\">\n          <div class=\"photo-gallery__gallery__item\">\n            <div class=\"photo-gallery__gallery__item__thumbnail\" style=\"background-image:url(https:\/\/residencessoleil.ca\/wp-content\/uploads\/2025\/08\/IMG_1282.jpeg);\"><\/div>\n            <div class=\"photo-gallery__gallery__item__overlay\" aria-hidden=\"true\"><\/div>\n                        <a class=\"photo-gallery__gallery__item__enlarge btn btn-icon-only\" href=\"https:\/\/residencessoleil.ca\/wp-content\/uploads\/2025\/08\/IMG_1282.jpeg\" data-fancybox=\"gallery-655\" data-caption=\"\">\n              <div class=\"btn-inner\">\n                <span class=\"sr-only\">\n                                    Enlarge image &quot;&quot;                <\/span>\n                <i class=\"icon icon-plus\" aria-hidden=\"true\"><\/i>\n              <\/div>\n            <\/a>\n          <\/div>\n        <\/div>\n                      <div class=\"photo-gallery__cell\">\n          <div class=\"photo-gallery__gallery__item\">\n            <div class=\"photo-gallery__gallery__item__thumbnail\" style=\"background-image:url(https:\/\/residencessoleil.ca\/wp-content\/uploads\/2025\/08\/IMG_0711.jpg);\"><\/div>\n            <div class=\"photo-gallery__gallery__item__overlay\" aria-hidden=\"true\"><\/div>\n                        <a class=\"photo-gallery__gallery__item__enlarge btn btn-icon-only\" href=\"https:\/\/residencessoleil.ca\/wp-content\/uploads\/2025\/08\/IMG_0711.jpg\" data-fancybox=\"gallery-655\" data-caption=\"\">\n              <div class=\"btn-inner\">\n                <span class=\"sr-only\">\n                                    Enlarge image &quot;&quot;                <\/span>\n                <i class=\"icon icon-plus\" aria-hidden=\"true\"><\/i>\n              <\/div>\n            <\/a>\n          <\/div>\n        <\/div>\n          <\/div>\n  <\/div>\n\n\n\n<div class=\"wp-block-columns is-layout-flex wp-container-core-columns-is-layout-1 wp-block-columns-is-layout-flex\">\n<div class=\"wp-block-column is-layout-flow wp-block-column-is-layout-flow\">\n<h3 class=\"wp-block-heading\"><strong><font color=\"#0090d7\">4 g\u00e9n\u00e9rations of the Famille Savoie<\/font><\/strong>&nbsp;<\/h3>\n\n\n\n<p class=\"has-large-font-size\">To highlight the importance of this long-awaited festive occasion, several members of the Savoie Family were present, accompanied by two directors from R\u00e9sidences Soleil:<\/p>\n\n\n<div class=\"wp-block-list\">\n<ul class=\"wp-block-list\">\n<li class=\"has-large-font-size\"><strong>Mr. Eddy Savoie<\/strong>, Owner, Founder, and Chairman of the Board<\/li>\n\n\n\n<li class=\"has-large-font-size\"><strong>Ms. Carmelle Savoie<\/strong>, Vice-Chairman of the Board<\/li>\n\n\n\n<li class=\"has-large-font-size\"><strong>Ms. Nataly Savoie<\/strong>, Executive President &nbsp;<\/li>\n\n\n\n<li class=\"has-large-font-size\"><strong>Mr. Eddy Junior Savoie<\/strong>, Executive President, Construction&nbsp;&nbsp;<\/li>\n\n\n\n<li class=\"has-large-font-size\"><strong>Ms. Katarina-Darkise Marcil<\/strong>, Vice President, Client Experience&nbsp;<\/li>\n\n\n\n<li class=\"has-large-font-size\"><strong>Mr. R\u00e9al Larin<\/strong>, Director, Acquisitions and Services<\/li>\n\n\n\n<li class=\"has-large-font-size\"><strong>Mr. Pascal Turbide<\/strong>, Regional Director, Food Division<\/li>\n<\/ul>\n<\/div>\n\n\n<p class=\"has-large-font-size\">This milestone also highlighted <strong>the importance of family traditions<\/strong> at the heart of R\u00e9sidences Soleil&#8217;s mission, and how these traditions <strong>have been passed down through four generations of the Savoie Family.<\/strong> From the first residence built in 1988 to today, it remains a symbol of national excellence: that of building warm, humane, and inspiring living environments.<\/p>\n\n\n\n<p class=\"has-large-font-size\">The speeches were marked by words full of gratitude, humanity, and vision.<\/p>\n<\/div>\n<\/div>\n<\/div>\n<\/div>\n\n\n\n<div class=\"wp-block-columns is-layout-flex wp-container-core-columns-is-layout-3 wp-block-columns-is-layout-flex\">\n<div class=\"wp-block-column is-layout-flow wp-block-column-is-layout-flow\" style=\"flex-basis:33.33%\">\n<figure class=\"wp-block-image size-large\"><img decoding=\"async\" width=\"1280\" height=\"1281\" src=\"https:\/\/residencessoleil.ca\/wp-content\/uploads\/2025\/08\/IMG_1211-edited.png\" alt=\"Mr. Eddy Savoie, Owner and Founder of R\u00e9sidences Soleil, addresses guests at the first monthly anniversary celebration at Manoir Repentigny.\" class=\"wp-image-33074\" srcset=\"https:\/\/residencessoleil.ca\/wp-content\/uploads\/2025\/08\/IMG_1211-edited.png 1280w, https:\/\/residencessoleil.ca\/wp-content\/uploads\/2025\/08\/IMG_1211-edited-300x300.png 300w, https:\/\/residencessoleil.ca\/wp-content\/uploads\/2025\/08\/IMG_1211-edited-1024x1024.png 1024w, https:\/\/residencessoleil.ca\/wp-content\/uploads\/2025\/08\/IMG_1211-edited-150x150.png 150w, https:\/\/residencessoleil.ca\/wp-content\/uploads\/2025\/08\/IMG_1211-edited-768x769.png 768w, https:\/\/residencessoleil.ca\/wp-content\/uploads\/2025\/08\/IMG_1211-edited-400x400.png 400w\" sizes=\"(max-width: 1280px) 100vw, 1280px\" \/><\/figure>\n<\/div>\n\n\n\n<div class=\"wp-block-column is-layout-flow wp-block-column-is-layout-flow\" style=\"flex-basis:66.66%\">\n<blockquote class=\"wp-block-quote is-style-large has-large-font-size is-layout-flow wp-block-quote-is-layout-flow\">\n<div style=\"height:40px\" aria-hidden=\"true\" class=\"wp-block-spacer\"><\/div>\n\n\n\n<p class=\"has-large-font-size\">\u00ab All of Quebec\u2019s seniors should be able to enjoy retirement in a place that is safe, evolving, stimulating and attentive to all their current and future needs. Our extended family is doing everything in its power to ensure this financial peace of mind, and in doing so, we also hope to set an example. If you sow good, you will harvest good!\u201d <\/p>\n<cite><strong><strong>&#8211; <strong><strong><strong>Mr. Eddy Savoie, Owner, Founder, Chairman of the Board, Groupe Savoie,<\/strong><\/strong><\/strong><\/strong><\/strong> <strong><strong><strong><strong><strong>Les R\u00e9sidences Soleil \u2013 Savoie Family<\/strong><\/strong><\/strong><\/strong> <\/strong><\/cite><\/blockquote>\n<\/div>\n<\/div>\n\n\n\n<div class=\"wp-block-columns is-layout-flex wp-container-core-columns-is-layout-4 wp-block-columns-is-layout-flex\">\n<div class=\"wp-block-column is-layout-flow wp-block-column-is-layout-flow\" style=\"flex-basis:33.33%\">\n<figure class=\"wp-block-image size-large\"><img decoding=\"async\" width=\"1316\" height=\"1316\" src=\"https:\/\/residencessoleil.ca\/wp-content\/uploads\/2025\/08\/IMG_0926-edited.png\" alt=\"Nataly Savoie, Les R\u00e9sidences Soleil Executive President, addresses guests at the first monthly anniversary celebration at Manoir Repentigny.\" class=\"wp-image-33078\" srcset=\"https:\/\/residencessoleil.ca\/wp-content\/uploads\/2025\/08\/IMG_0926-edited.png 1316w, https:\/\/residencessoleil.ca\/wp-content\/uploads\/2025\/08\/IMG_0926-edited-300x300.png 300w, https:\/\/residencessoleil.ca\/wp-content\/uploads\/2025\/08\/IMG_0926-edited-1024x1024.png 1024w, https:\/\/residencessoleil.ca\/wp-content\/uploads\/2025\/08\/IMG_0926-edited-150x150.png 150w, https:\/\/residencessoleil.ca\/wp-content\/uploads\/2025\/08\/IMG_0926-edited-768x768.png 768w, https:\/\/residencessoleil.ca\/wp-content\/uploads\/2025\/08\/IMG_0926-edited-400x400.png 400w\" sizes=\"(max-width: 1316px) 100vw, 1316px\" \/><\/figure>\n<\/div>\n\n\n\n<div class=\"wp-block-column is-layout-flow wp-block-column-is-layout-flow\" style=\"flex-basis:66.66%\">\n<blockquote class=\"wp-block-quote is-style-large has-large-font-size is-layout-flow wp-block-quote-is-layout-flow\">\n<div style=\"height:40px\" aria-hidden=\"true\" class=\"wp-block-spacer\"><\/div>\n\n\n\n<p class=\"has-large-font-size\">\u00ab Tonight, four generations of the Savoie Family are gathered together. Yes, even the fourth generation is here, now 10 years old! This is living proof that Les R\u00e9sidences Soleil adventure is far from over. Thank you for choosing us as your home. I also invite you to participate in the very first general meeting of the Manor, which will take place very soon. Because here, every voice counts.\u00bb<\/p>\n<cite><strong><strong>&#8211; <strong><strong>Ms. Nataly Savoie, Executive President,<\/strong><\/strong><\/strong>&nbsp;Les R\u00e9sidences Soleil<\/strong><\/cite><\/blockquote>\n<\/div>\n<\/div>\n\n\n\n<h3 class=\"wp-block-heading\"><strong><font color=\"#0090d7\">Words &amp; gifts<\/font><\/strong><\/h3>\n\n\n\n<p class=\"has-large-font-size\"><strong>Ms. Nataly Savoie and Mr. Eddy Junior Savoie presented door prizes to the birthday honorees, <\/strong>to a shower of cheers and applause. On-site businesses\u2014including a pharmacy, convenience store, hair salon, and foot care clinic\u2014joined in this wonderful tradition, alongside other prizes specially prepared for the occasion.<\/p>\n\n\n\n<p class=\"has-large-font-size\"><strong>A 50\/50 raffle<\/strong> was even held, with the Savoie Family promising that if their name was drawn, the prize money would be put back into the pool, much to the delight of the participants!<\/p>\n\n\n\n<div class=\"wp-block-columns is-layout-flex wp-container-core-columns-is-layout-5 wp-block-columns-is-layout-flex\">\n<div class=\"wp-block-column is-layout-flow wp-block-column-is-layout-flow\">\n<figure class=\"wp-block-image size-large\"><img decoding=\"async\" width=\"1920\" height=\"1080\" src=\"https:\/\/residencessoleil.ca\/wp-content\/uploads\/2025\/08\/IMG_1253-edited.png\" alt=\"Mr. Eddy Savoie, Owner, Founder, and President of Les R\u00e9sidences Soleil, and the teams at Manoir Repentigny\" class=\"wp-image-33091\" srcset=\"https:\/\/residencessoleil.ca\/wp-content\/uploads\/2025\/08\/IMG_1253-edited.png 1920w, https:\/\/residencessoleil.ca\/wp-content\/uploads\/2025\/08\/IMG_1253-edited-300x169.png 300w, https:\/\/residencessoleil.ca\/wp-content\/uploads\/2025\/08\/IMG_1253-edited-1024x576.png 1024w, https:\/\/residencessoleil.ca\/wp-content\/uploads\/2025\/08\/IMG_1253-edited-768x432.png 768w, https:\/\/residencessoleil.ca\/wp-content\/uploads\/2025\/08\/IMG_1253-edited-1536x864.png 1536w\" sizes=\"(max-width: 1920px) 100vw, 1920px\" \/><\/figure>\n<\/div>\n\n\n\n<div class=\"wp-block-column is-layout-flow wp-block-column-is-layout-flow\">\n<figure class=\"wp-block-image size-large\"><img decoding=\"async\" width=\"1280\" height=\"720\" src=\"https:\/\/residencessoleil.ca\/wp-content\/uploads\/2025\/08\/IMG_1258-edited-2.png\" alt=\"Nataly Savoie, Les R\u00e9sidences Soleil Executive President, and the teams at Manoir Repentigny\" class=\"wp-image-33089\" srcset=\"https:\/\/residencessoleil.ca\/wp-content\/uploads\/2025\/08\/IMG_1258-edited-2.png 1280w, https:\/\/residencessoleil.ca\/wp-content\/uploads\/2025\/08\/IMG_1258-edited-2-300x169.png 300w, https:\/\/residencessoleil.ca\/wp-content\/uploads\/2025\/08\/IMG_1258-edited-2-1024x576.png 1024w, https:\/\/residencessoleil.ca\/wp-content\/uploads\/2025\/08\/IMG_1258-edited-2-768x432.png 768w\" sizes=\"(max-width: 1280px) 100vw, 1280px\" \/><\/figure>\n<\/div>\n<\/div>\n\n\n\n<div style=\"height:30px\" aria-hidden=\"true\" class=\"wp-block-spacer\"><\/div>\n\n\n\n<div class=\"wp-block-columns is-layout-flex wp-container-core-columns-is-layout-8 wp-block-columns-is-layout-flex\">\n<div class=\"wp-block-column is-layout-flow wp-block-column-is-layout-flow\">\n<h3 class=\"wp-block-heading\"><strong><font color=\"#0090d7\">The &#8220;raspberry&#8221; on the cake!<\/font><\/strong><\/h3>\n\n\n\n<div class=\"wp-block-columns is-layout-flex wp-container-core-columns-is-layout-7 wp-block-columns-is-layout-flex\">\n<div class=\"wp-block-column is-layout-flow wp-block-column-is-layout-flow\">\n<div class=\"wp-block-columns is-layout-flex wp-container-core-columns-is-layout-6 wp-block-columns-is-layout-flex\">\n<div class=\"wp-block-column is-layout-flow wp-block-column-is-layout-flow\">\n<figure class=\"wp-block-image size-large\"><img decoding=\"async\" width=\"1239\" height=\"1859\" src=\"https:\/\/residencessoleil.ca\/wp-content\/uploads\/2025\/08\/IMG_1157-edited-1.png\" alt=\"Head Cheff Enriquez, presenting her sweet creation at the first Monthly celebration at Manoir Repentigny\" class=\"wp-image-33104\" srcset=\"https:\/\/residencessoleil.ca\/wp-content\/uploads\/2025\/08\/IMG_1157-edited-1.png 1239w, https:\/\/residencessoleil.ca\/wp-content\/uploads\/2025\/08\/IMG_1157-edited-1-200x300.png 200w, https:\/\/residencessoleil.ca\/wp-content\/uploads\/2025\/08\/IMG_1157-edited-1-682x1024.png 682w, https:\/\/residencessoleil.ca\/wp-content\/uploads\/2025\/08\/IMG_1157-edited-1-768x1152.png 768w, https:\/\/residencessoleil.ca\/wp-content\/uploads\/2025\/08\/IMG_1157-edited-1-1024x1536.png 1024w\" sizes=\"(max-width: 1239px) 100vw, 1239px\" \/><\/figure>\n<\/div>\n\n\n\n<div class=\"wp-block-column is-layout-flow wp-block-column-is-layout-flow\">\n<figure class=\"wp-block-image size-large\"><img decoding=\"async\" width=\"683\" height=\"1024\" src=\"https:\/\/residencessoleil.ca\/wp-content\/uploads\/2025\/08\/IMG_1152-683x1024.png\" alt=\"The kitchen team in action during the first Party of the month at Manoir Repentigny\" class=\"wp-image-33095\" srcset=\"https:\/\/residencessoleil.ca\/wp-content\/uploads\/2025\/08\/IMG_1152-683x1024.png 683w, https:\/\/residencessoleil.ca\/wp-content\/uploads\/2025\/08\/IMG_1152-200x300.png 200w, https:\/\/residencessoleil.ca\/wp-content\/uploads\/2025\/08\/IMG_1152-768x1152.png 768w, https:\/\/residencessoleil.ca\/wp-content\/uploads\/2025\/08\/IMG_1152-1024x1536.png 1024w, https:\/\/residencessoleil.ca\/wp-content\/uploads\/2025\/08\/IMG_1152.png 1280w\" sizes=\"(max-width: 683px) 100vw, 683px\" \/><\/figure>\n<\/div>\n<\/div>\n<\/div>\n\n\n\n<div class=\"wp-block-column is-layout-flow wp-block-column-is-layout-flow\">\n<p class=\"has-large-font-size\">Then, finally, came <strong>THE long-awaited sweet moment of the party: <\/strong>the triumphant entrance of the birthday cake! Preceded by her team, Chef Enriquez came out to present her delicious masterpiece to thunderous applause. It was a creation made with love and creativity, with rich, melt-in-your-mouth chocolate and raspberry flavors, topped with vanilla frosting and decorated with colorful decorations.<\/p>\n\n\n\n<p class=\"has-large-font-size\">Meanwhile, the uplifting music grew more energetic, and the dance floor instantly filled up. Some danced standing up, others sitting down, all carried away by the collective joy, set to the rhythm of Danny Wilson, a friend of R\u00e9sidences Soleil, beloved for his charisma and talent.<\/p>\n<\/div>\n<\/div>\n\n\n\n<div style=\"height:30px\" aria-hidden=\"true\" class=\"wp-block-spacer\"><\/div>\n<\/div>\n<\/div>\n\n\n\n<div class=\"wp-block-columns is-layout-flex wp-container-core-columns-is-layout-10 wp-block-columns-is-layout-flex\">\n<div class=\"wp-block-column is-layout-flow wp-block-column-is-layout-flow\">\n<h3 class=\"wp-block-heading\"><strong><font color=\"#0090d7\">A Soleil Tradition: a family rendez-vous<\/font><\/strong><\/h3>\n\n\n\n<p class=\"has-large-font-size\"><strong>Celebrating the birthdays of all members of the Soleil Family is much more than just a monthly activity:<\/strong> it is a highly anticipated moment, filled with joy and camaraderie, where all generations come together. It is a beautiful moment that reflects our family values and, above all, allows us to cherish those who are dear to us.<\/p>\n\n\n\n<div class=\"wp-block-columns is-layout-flex wp-container-core-columns-is-layout-9 wp-block-columns-is-layout-flex\">\n<div class=\"wp-block-column is-layout-flow wp-block-column-is-layout-flow\">\n<figure class=\"wp-block-image size-large\"><img decoding=\"async\" width=\"1024\" height=\"675\" src=\"https:\/\/residencessoleil.ca\/wp-content\/uploads\/2025\/08\/4-Generations-avec-Parents-ES-soiree-residence-1024x675.jpg\" alt=\"Four generations of the Savoie Family in 1988 First monthly birthday celebration in residence.\" class=\"wp-image-33293\" srcset=\"https:\/\/residencessoleil.ca\/wp-content\/uploads\/2025\/08\/4-Generations-avec-Parents-ES-soiree-residence-1024x675.jpg 1024w, https:\/\/residencessoleil.ca\/wp-content\/uploads\/2025\/08\/4-Generations-avec-Parents-ES-soiree-residence-300x198.jpg 300w, https:\/\/residencessoleil.ca\/wp-content\/uploads\/2025\/08\/4-Generations-avec-Parents-ES-soiree-residence-768x506.jpg 768w, https:\/\/residencessoleil.ca\/wp-content\/uploads\/2025\/08\/4-Generations-avec-Parents-ES-soiree-residence-1536x1013.jpg 1536w, https:\/\/residencessoleil.ca\/wp-content\/uploads\/2025\/08\/4-Generations-avec-Parents-ES-soiree-residence.jpg 1920w\" sizes=\"(max-width: 1024px) 100vw, 1024px\" \/><figcaption class=\"wp-element-caption\">Four generations of the Savoie Family in 1988 First monthly birthday celebration in residence.<\/figcaption><\/figure>\n<\/div>\n\n\n\n<div class=\"wp-block-column is-layout-flow wp-block-column-is-layout-flow\">\n<figure class=\"wp-block-image size-large\"><img decoding=\"async\" width=\"1024\" height=\"674\" src=\"https:\/\/residencessoleil.ca\/wp-content\/uploads\/2025\/08\/E_44_N_22A-1024x674.jpg\" alt=\"Four generations of the Savoie Family in 1988 First monthly birthday celebration in residence.\" class=\"wp-image-33295\" srcset=\"https:\/\/residencessoleil.ca\/wp-content\/uploads\/2025\/08\/E_44_N_22A-1024x674.jpg 1024w, https:\/\/residencessoleil.ca\/wp-content\/uploads\/2025\/08\/E_44_N_22A-300x197.jpg 300w, https:\/\/residencessoleil.ca\/wp-content\/uploads\/2025\/08\/E_44_N_22A-768x505.jpg 768w, https:\/\/residencessoleil.ca\/wp-content\/uploads\/2025\/08\/E_44_N_22A-1536x1010.jpg 1536w, https:\/\/residencessoleil.ca\/wp-content\/uploads\/2025\/08\/E_44_N_22A.jpg 1920w\" sizes=\"(max-width: 1024px) 100vw, 1024px\" \/><figcaption class=\"wp-element-caption\">4 g\u00e9n\u00e9rations Famille Savoie, r\u00e9sidents, employ\u00e9s &#8211; 1988 1\u00e8re F\u00eate des anniversaires du mois en r\u00e9sidence<\/figcaption><\/figure>\n<\/div>\n<\/div>\n\n\n\n<div style=\"height:30px\" aria-hidden=\"true\" class=\"wp-block-spacer\"><\/div>\n\n\n\n<p class=\"has-large-font-size\"><strong>For over 36 years, monthly birthday celebrations have brought together residents, couples, centenarians, members of the Select 90 Club, employees, as well as loved ones and families. <\/strong>All birthday guests are honored with a special meal, a delicious homemade cake, and lively musical entertainment, where everyone sings and dances.<br><br><strong>Over time, these evenings have become truly unmissable events. <\/strong>Our residents prepare carefully, choosing elegant outfits, adding a touch of makeup, or visiting the Manor Salon for a beauty treatment, to celebrate life, family, and the joy of being together.<\/p>\n<\/div>\n<\/div>\n\n\n\n<div class=\"wp-block-columns is-layout-flex wp-container-core-columns-is-layout-11 wp-block-columns-is-layout-flex\">\n<div class=\"wp-block-column is-layout-flow wp-block-column-is-layout-flow\">\n<h3 class=\"wp-block-heading\"><strong><font color=\"#0090d7\">A breathtaking panoramic view<\/font><\/strong><\/h3>\n\n\n\n<p class=\"has-large-font-size\">As the cake was enjoyed and the party was in full swing, several residents were tempted to take a stroll along the promenade that encircles the building at its summit, <strong>offering breathtaking panoramic views.<\/strong> Facing a blazing sunset, it seemed as if the sun too wanted to join the party, dressing the sky in a veil of magnificent orange and pink hues.<\/p>\n\n\n\n<div style=\"height:5px\" aria-hidden=\"true\" class=\"wp-block-spacer\"><\/div>\n\n\n\n<blockquote class=\"wp-block-quote is-style-large has-large-font-size is-layout-flow wp-block-quote-is-layout-flow\">\n<p class=\"has-large-font-size\">\u201cEating here means seeing life from above, literally! The view is well worth the trip. You feel free and safe here!\u201d<br><br><\/p>\n<cite><strong><strong>&#8211; <strong><strong>A R\u00e9sidences Soleil Manoir Repentigny<\/strong><\/strong><\/strong><\/strong> <strong>Resident<\/strong><\/cite><\/blockquote>\n\n\n\n<blockquote class=\"wp-block-quote is-style-large has-large-font-size is-layout-flow wp-block-quote-is-layout-flow\">\n<p class=\"has-large-font-size\">\u201cEvery meal is a magical moment. You can see the sunsets over the river, fireworks in the summer, and the city lights in the winter. I never thought I&#8217;d experience this in Repentigny.\u201d<br><br><\/p>\n<cite><strong><strong>&#8211; <strong><strong>Claire M., a R\u00e9sidences Soleil Manoir Repentigny<\/strong><\/strong><\/strong><\/strong> <strong>Resident<\/strong><\/cite><\/blockquote>\n<\/div>\n<\/div>\n\n\n\n<div style=\"height:50px\" aria-hidden=\"true\" class=\"wp-block-spacer\"><\/div>\n\n\n\n<p class=\"has-large-font-size\">And when the last notes of music faded into the orange sky, there remained in the air that sweet feeling that time had stood still\u2026 just long enough to engrave a golden memory in everyone&#8217;s heart. A first celebration, like a promise of other equally bright tomorrows.<\/p>\n","protected":false},"excerpt":{"rendered":"<p>Les R\u00e9sidences Soleil Manoir Repentigny recently reached an important milestone with the kickoff of the Monthly Birthday Celebrations! This intergenerational event brings people together in the purest Soleil tradition, a hallmark of the Soleil lifestyle since the very beginning. A busy month for celebrations at Manoir Repentigny, August saw the birthdays of 70 residents and &hellip;<\/p>\n","protected":false},"author":18,"featured_media":33309,"comment_status":"closed","ping_status":"open","sticky":false,"template":"","format":"standard","meta":{"_acf_changed":false,"om_disable_all_campaigns":false,"_relevanssi_hide_post":"","_relevanssi_hide_content":"","_relevanssi_pin_for_all":"","_relevanssi_pin_keywords":"","_relevanssi_unpin_keywords":"","_relevanssi_related_keywords":"","_relevanssi_related_include_ids":"","_relevanssi_related_exclude_ids":"","_relevanssi_related_no_append":"","_relevanssi_related_not_related":"","_relevanssi_related_posts":"25368,23778,24521,26462,27245,18902","_relevanssi_noindex_reason":"","footnotes":""},"categories":[44,46],"tags":[],"global_category":[19],"class_list":["post-33946","post","type-post","status-publish","format-standard","has-post-thumbnail","hentry","category-nouveaute","category-news","global_category-nouvelle"],"acf":[],"_links":{"self":[{"href":"https:\/\/residencessoleil.ca\/en\/wp-json\/wp\/v2\/posts\/33946","targetHints":{"allow":["GET"]}}],"collection":[{"href":"https:\/\/residencessoleil.ca\/en\/wp-json\/wp\/v2\/posts"}],"about":[{"href":"https:\/\/residencessoleil.ca\/en\/wp-json\/wp\/v2\/types\/post"}],"author":[{"embeddable":true,"href":"https:\/\/residencessoleil.ca\/en\/wp-json\/wp\/v2\/users\/18"}],"replies":[{"embeddable":true,"href":"https:\/\/residencessoleil.ca\/en\/wp-json\/wp\/v2\/comments?post=33946"}],"version-history":[{"count":8,"href":"https:\/\/residencessoleil.ca\/en\/wp-json\/wp\/v2\/posts\/33946\/revisions"}],"predecessor-version":[{"id":34010,"href":"https:\/\/residencessoleil.ca\/en\/wp-json\/wp\/v2\/posts\/33946\/revisions\/34010"}],"wp:featuredmedia":[{"embeddable":true,"href":"https:\/\/residencessoleil.ca\/en\/wp-json\/wp\/v2\/media\/33309"}],"wp:attachment":[{"href":"https:\/\/residencessoleil.ca\/en\/wp-json\/wp\/v2\/media?parent=33946"}],"wp:term":[{"taxonomy":"category","embeddable":true,"href":"https:\/\/residencessoleil.ca\/en\/wp-json\/wp\/v2\/categories?post=33946"},{"taxonomy":"post_tag","embeddable":true,"href":"https:\/\/residencessoleil.ca\/en\/wp-json\/wp\/v2\/tags?post=33946"},{"taxonomy":"global_category","embeddable":true,"href":"https:\/\/residencessoleil.ca\/en\/wp-json\/wp\/v2\/global_category?post=33946"}],"curies":[{"name":"wp","href":"https:\/\/api.w.org\/{rel}","templated":true}]}}